{"id":27221,"date":"2025-10-28T09:14:58","date_gmt":"2025-10-28T12:14:58","guid":{"rendered":"https:\/\/radiobitacora.com.ar\/web\/?p=27221"},"modified":"2025-10-28T09:34:43","modified_gmt":"2025-10-28T12:34:43","slug":"curso-de-guardavidas","status":"publish","type":"post","link":"https:\/\/radiobitacora.com.ar\/web\/2025\/10\/28\/curso-de-guardavidas\/","title":{"rendered":"CURSO DE GUARDAVIDAS"},"content":{"rendered":"<p style=\"font-weight: 400;\">Planificando la pr\u00f3xima temporada estival, la Municipalidad de Goya, por medio de la Direcci\u00f3n de Deportes, dependiente de la Secretar\u00eda de Gobierno, ha dispuesto la oferta de formaci\u00f3n de guardavidas, en la modalidad te\u00f3rico-pr\u00e1ctico, sumando t\u00e9cnicas de rescate, primeros auxilios, entre otros puntos clave para la capacitaci\u00f3n.<\/p>\n<p style=\"font-weight: 400;\">El mencionado curso en su parte te\u00f3rica dar\u00e1 inicio el martes 28 desde las 18,30 horas, en la Casa del Bicentenario. Los temas a abordar en la preparaci\u00f3n como futuros guardavidas son: Primeros auxilios; curaci\u00f3n de heridas y maniobras de RCP.<\/p>\n<p style=\"font-weight: 400;\">Con esta clase se busca brindar conocimientos esenciales para actuar con rapidez y seguridad ante emergencias m\u00e9dicas y situaciones cr\u00edticas, en espacios acu\u00e1ticos o recreativos.<\/p>\n<p style=\"font-weight: 400;\">M\u00d3DULO TE\u00d3RICO-F\u00cdSICO<\/p>\n<p style=\"font-weight: 400;\">S\u00e1bado 1 de noviembre en pileta \u2013 playa.<\/p>\n<p style=\"font-weight: 400;\">Temas: T\u00e9cnicas de rescate acu\u00e1tico, nataci\u00f3n adaptada al rescate.<\/p>\n<p style=\"font-weight: 400;\">Esta jornada apunta a fortalecer la preparaci\u00f3n f\u00edsica y t\u00e9cnica de los participantes, desarrollando habilidades espec\u00edficas para intervenir de manera eficiente en caso de rescate en el agua.<\/p>\n<p style=\"font-weight: 400;\">Para consultas y mayor informaci\u00f3n dirigirse al 3777- 621132 o a la Direcci\u00f3n de Deportes, sita en Juan Esteban Mart\u00ednez y 9 de Julio.<\/p>\n<p style=\"font-weight: 400;\">Direcci\u00f3n de Prensa &#8211; Municipalidad de Goya<\/p>\n","protected":false},"excerpt":{"rendered":"<p>Planificando la pr\u00f3xima temporada estival, la Municipalidad de Goya, por medio de la Direcci\u00f3n de Deportes, dependiente de la Secretar\u00eda de Gobierno, ha dispuesto la oferta de formaci\u00f3n de guardavidas, en la modalidad te\u00f3rico-pr\u00e1ctico, sumando t\u00e9cnicas de rescate, primeros auxilios, entre otros puntos clave para la capacitaci\u00f3n. El mencionado curso en su parte te\u00f3rica dar\u00e1 [&hellip;]<\/p>\n","protected":false},"author":2,"featured_media":27222,"comment_status":"open","ping_status":"open","sticky":false,"template":"","format":"standard","meta":{"footnotes":""},"categories":[56],"tags":[],"class_list":{"0":"post-27221","1":"post","2":"type-post","3":"status-publish","4":"format-standard","5":"has-post-thumbnail","7":"category-locales"},"_links":{"self":[{"href":"https:\/\/radiobitacora.com.ar\/web\/wp-json\/wp\/v2\/posts\/27221","targetHints":{"allow":["GET"]}}],"collection":[{"href":"https:\/\/radiobitacora.com.ar\/web\/wp-json\/wp\/v2\/posts"}],"about":[{"href":"https:\/\/radiobitacora.com.ar\/web\/wp-json\/wp\/v2\/types\/post"}],"author":[{"embeddable":true,"href":"https:\/\/radiobitacora.com.ar\/web\/wp-json\/wp\/v2\/users\/2"}],"replies":[{"embeddable":true,"href":"https:\/\/radiobitacora.com.ar\/web\/wp-json\/wp\/v2\/comments?post=27221"}],"version-history":[{"count":0,"href":"https:\/\/radiobitacora.com.ar\/web\/wp-json\/wp\/v2\/posts\/27221\/revisions"}],"wp:featuredmedia":[{"embeddable":true,"href":"https:\/\/radiobitacora.com.ar\/web\/wp-json\/wp\/v2\/media\/27222"}],"wp:attachment":[{"href":"https:\/\/radiobitacora.com.ar\/web\/wp-json\/wp\/v2\/media?parent=27221"}],"wp:term":[{"taxonomy":"category","embeddable":true,"href":"https:\/\/radiobitacora.com.ar\/web\/wp-json\/wp\/v2\/categories?post=27221"},{"taxonomy":"post_tag","embeddable":true,"href":"https:\/\/radiobitacora.com.ar\/web\/wp-json\/wp\/v2\/tags?post=27221"}],"curies":[{"name":"wp","href":"https:\/\/api.w.org\/{rel}","templated":true}]}}