{"id":27251,"date":"2025-10-29T09:01:56","date_gmt":"2025-10-29T12:01:56","guid":{"rendered":"https:\/\/radiobitacora.com.ar\/web\/?p=27251"},"modified":"2025-10-29T09:01:56","modified_gmt":"2025-10-29T12:01:56","slug":"comupe-realizo-asamblea-para-elegir-nueva-comision-directiva","status":"publish","type":"post","link":"https:\/\/radiobitacora.com.ar\/web\/2025\/10\/29\/comupe-realizo-asamblea-para-elegir-nueva-comision-directiva\/","title":{"rendered":"COMUPE REALIZ\u00d3 ASAMBLEA PARA ELEGIR NUEVA COMISI\u00d3N DIRECTIVA"},"content":{"rendered":"<p style=\"font-weight: 400;\">\n<p style=\"font-weight: 400;\">EL INTENDENTE MARIANO HORMAECHEA PRESIDI\u00d3 LA CONVOCATORIA<\/p>\n<p style=\"font-weight: 400;\">En el Sal\u00f3n de Acuerdos de la Municipalidad, cumpliendo con los estatutos correspondientes, se convoc\u00f3 a la asamblea de la Comisi\u00f3n Municipal de Pesca con el objetivo de renovar a los integrantes de la comisi\u00f3n directiva.<\/p>\n<p style=\"font-weight: 400;\"><img loading=\"lazy\" decoding=\"async\" class=\"aligncenter size-full wp-image-27252\" src=\"https:\/\/radiobitacora.com.ar\/web\/wp-content\/uploads\/2025\/10\/comupe-nueva-comision-1.jpg\" alt=\"\" width=\"1600\" height=\"1066\" srcset=\"https:\/\/radiobitacora.com.ar\/web\/wp-content\/uploads\/2025\/10\/comupe-nueva-comision-1.jpg 1600w, https:\/\/radiobitacora.com.ar\/web\/wp-content\/uploads\/2025\/10\/comupe-nueva-comision-1-630x420.jpg 630w, https:\/\/radiobitacora.com.ar\/web\/wp-content\/uploads\/2025\/10\/comupe-nueva-comision-1-696x464.jpg 696w, https:\/\/radiobitacora.com.ar\/web\/wp-content\/uploads\/2025\/10\/comupe-nueva-comision-1-1068x712.jpg 1068w\" sizes=\"auto, (max-width: 1600px) 100vw, 1600px\" \/><\/p>\n<p style=\"font-weight: 400;\">Junto al intendente Mariano Hormaechea particip\u00f3 de la asamblea referida el secretario de Gobierno Pablo Fern\u00e1ndez.<\/p>\n<p style=\"font-weight: 400;\">\n<p style=\"font-weight: 400;\">Para dar inicio al c\u00f3nclave se procedi\u00f3 a la lectura del acta correspondiente, de la convocatoria a la asamblea, a trav\u00e9s de la cual se proclam\u00f3 como nuevo titular de la COMUPE (No habiendo otra lista) a Ra\u00fal Eduardo \u201cBucky\u201d Gonz\u00e1lez Vilas.<\/p>\n<p style=\"font-weight: 400;\">\n<p style=\"font-weight: 400;\">De este encuentro, adem\u00e1s de los funcionarios municipales participaron integrantes de barras pesqueras, miembros de la actual comisi\u00f3n, periodistas y representantes de asociaciones y c\u00e1maras de la actividad econ\u00f3mica, comercial e industrial de la ciudad de Goya.<\/p>\n<p style=\"font-weight: 400;\">\n<p style=\"font-weight: 400;\">MARIANO HORMAECHEA<\/p>\n<p><img loading=\"lazy\" decoding=\"async\" class=\"aligncenter size-full wp-image-27253\" src=\"https:\/\/radiobitacora.com.ar\/web\/wp-content\/uploads\/2025\/10\/comupe-nueva-comision-3.jpg\" alt=\"\" width=\"1600\" height=\"1066\" srcset=\"https:\/\/radiobitacora.com.ar\/web\/wp-content\/uploads\/2025\/10\/comupe-nueva-comision-3.jpg 1600w, https:\/\/radiobitacora.com.ar\/web\/wp-content\/uploads\/2025\/10\/comupe-nueva-comision-3-630x420.jpg 630w, https:\/\/radiobitacora.com.ar\/web\/wp-content\/uploads\/2025\/10\/comupe-nueva-comision-3-696x464.jpg 696w, https:\/\/radiobitacora.com.ar\/web\/wp-content\/uploads\/2025\/10\/comupe-nueva-comision-3-1068x712.jpg 1068w\" sizes=\"auto, (max-width: 1600px) 100vw, 1600px\" \/><\/p>\n<p style=\"font-weight: 400;\">El intendente agradeci\u00f3 la presencia de los funcionarios, autoridades de prefectura y de los protagonistas, los representantes de las barras pesqueras, felicitando a la nueva comisi\u00f3n, a \u201cBucky\u201d por aceptar el desaf\u00edo.<\/p>\n<p style=\"font-weight: 400;\">\n<p style=\"font-weight: 400;\">\u201cNo es f\u00e1cil, sencillo, estar al frente de esta organizaci\u00f3n. Debo agradecer al presidente saliente, a Pedro Sa, y a \u201cBucky\u201d, por sumarte a este desaf\u00edo\u201d.<\/p>\n<p style=\"font-weight: 400;\">\n<p style=\"font-weight: 400;\">\u201cCuando en el 2021 nos hicimos cargo de la Fiesta Nacional del Surub\u00ed, asumiendo la gesti\u00f3n propusimos un proyecto de ciudad. El inicio fue con dificultades, ven\u00edamos de la pandemia, la bajante del r\u00edo, los incendios\u2026, generando incertidumbre. Desde la convocatoria la mirada estaba enmarcada en un proyecto de ciudad, Goya debe estar por encima de todos nosotros, tenemos muchas cosas por dar. En ese itinerario pusimos la mirada hacia adelante para dar el salto cualitativo y cuantitativo sin perder la esencia, adquirir la profesionalizaci\u00f3n. En ese camino estamos, con la mirada junto al Gobierno Provincial. Hoy podemos darnos el lujo del recambio de la comisi\u00f3n, con una particularidad: la fiesta est\u00e1 pr\u00e1cticamente vendida, con unos 1.400 pescadores inscriptos, con un super\u00e1vit, con obras incorporadas, mejoradas, que permiten realizar actividades todo el a\u00f1o, un ingreso de excelencia, como corresponde a nuestra fiesta\u201d.<\/p>\n<p style=\"font-weight: 400;\"><img loading=\"lazy\" decoding=\"async\" class=\"aligncenter size-full wp-image-27254\" src=\"https:\/\/radiobitacora.com.ar\/web\/wp-content\/uploads\/2025\/10\/comupe-nueva-comision-5.jpg\" alt=\"\" width=\"1600\" height=\"1066\" srcset=\"https:\/\/radiobitacora.com.ar\/web\/wp-content\/uploads\/2025\/10\/comupe-nueva-comision-5.jpg 1600w, https:\/\/radiobitacora.com.ar\/web\/wp-content\/uploads\/2025\/10\/comupe-nueva-comision-5-630x420.jpg 630w, https:\/\/radiobitacora.com.ar\/web\/wp-content\/uploads\/2025\/10\/comupe-nueva-comision-5-696x464.jpg 696w, https:\/\/radiobitacora.com.ar\/web\/wp-content\/uploads\/2025\/10\/comupe-nueva-comision-5-1068x712.jpg 1068w\" sizes=\"auto, (max-width: 1600px) 100vw, 1600px\" \/><\/p>\n<p style=\"font-weight: 400;\">\u201cEntendemos que \u201cBucky\u201d tiene el conocimiento, viene del mundo de la pesca, la idoneidad; con esta mirada de tener a Goya como destino tur\u00edstico, sumando este otro aspecto que da institucionalizaci\u00f3n de la ciudad. Son muchos objetivos por delante, la 50\u00aa edici\u00f3n estaremos convocando a todos los sectores para apostar a mejorar el concurso, que es modelo en el pa\u00eds, de all\u00ed los resultados que obtenemos. Es algo que nos ha trascendido a todos, es fiesta nacional que tiene mucho por dar. Ahora nos toca trabajar hacia adelante, para organizar la pr\u00f3xima edici\u00f3n\u201d, concluy\u00f3.<\/p>\n<p style=\"font-weight: 400;\">\n<p style=\"font-weight: 400;\">RA\u00daL \u201cBUCKY\u201d GONZ\u00c1LEZ VILAS<\/p>\n<p style=\"font-weight: 400;\">\u201cSin el apoyo de la Municipalidad ser\u00eda imposible pensar en la realizaci\u00f3n de nuestra Fiesta Nacional del Surub\u00ed\u201d, comenz\u00f3 remarcando Ra\u00fal Gonz\u00e1lez Vilas. Luego sigui\u00f3 con los agradecimientos a los periodistas, las barras pesqueras, la prefectura, \u201ca todos por aportar su granito de arena para el crecimiento\u201d. \u201cEs una tarea ardua, dif\u00edcil, pondremos todas las ganas y el coraz\u00f3n para que resulte lo mejor; destaco, reconozco y agradezco a todos quienes acompa\u00f1ar\u00e1n integrando la comisi\u00f3n. No tengo m\u00e1s nada que decir, solo que desde ma\u00f1ana empezaremos a trabajar por nuestra pr\u00f3xima edici\u00f3n de la FNS\u201d, afirm\u00f3.<\/p>\n<p style=\"font-weight: 400;\">\n<p style=\"font-weight: 400;\">Una vez concluida la presentaci\u00f3n de los nuevos integrantes se dio el espacio para las consultas de los periodistas presentes, reafirmando el compromiso de iniciar los trabajos organizativos de manera inmediata, parafraseando al pampeano Alberto Cortez: \u201ca partir de ma\u00f1ana\u2026.<\/p>\n<p style=\"font-weight: 400;\">\n<p style=\"font-weight: 400;\">Direcci\u00f3n de Prensa-Municipalidad de Goya<\/p>\n","protected":false},"excerpt":{"rendered":"<p>EL INTENDENTE MARIANO HORMAECHEA PRESIDI\u00d3 LA CONVOCATORIA En el Sal\u00f3n de Acuerdos de la Municipalidad, cumpliendo con los estatutos correspondientes, se convoc\u00f3 a la asamblea de la Comisi\u00f3n Municipal de Pesca con el objetivo de renovar a los integrantes de la comisi\u00f3n directiva. Junto al intendente Mariano Hormaechea particip\u00f3 de la asamblea referida el secretario [&hellip;]<\/p>\n","protected":false},"author":2,"featured_media":27255,"comment_status":"open","ping_status":"open","sticky":false,"template":"","format":"standard","meta":{"footnotes":""},"categories":[56],"tags":[],"class_list":{"0":"post-27251","1":"post","2":"type-post","3":"status-publish","4":"format-standard","5":"has-post-thumbnail","7":"category-locales"},"_links":{"self":[{"href":"https:\/\/radiobitacora.com.ar\/web\/wp-json\/wp\/v2\/posts\/27251","targetHints":{"allow":["GET"]}}],"collection":[{"href":"https:\/\/radiobitacora.com.ar\/web\/wp-json\/wp\/v2\/posts"}],"about":[{"href":"https:\/\/radiobitacora.com.ar\/web\/wp-json\/wp\/v2\/types\/post"}],"author":[{"embeddable":true,"href":"https:\/\/radiobitacora.com.ar\/web\/wp-json\/wp\/v2\/users\/2"}],"replies":[{"embeddable":true,"href":"https:\/\/radiobitacora.com.ar\/web\/wp-json\/wp\/v2\/comments?post=27251"}],"version-history":[{"count":0,"href":"https:\/\/radiobitacora.com.ar\/web\/wp-json\/wp\/v2\/posts\/27251\/revisions"}],"wp:featuredmedia":[{"embeddable":true,"href":"https:\/\/radiobitacora.com.ar\/web\/wp-json\/wp\/v2\/media\/27255"}],"wp:attachment":[{"href":"https:\/\/radiobitacora.com.ar\/web\/wp-json\/wp\/v2\/media?parent=27251"}],"wp:term":[{"taxonomy":"category","embeddable":true,"href":"https:\/\/radiobitacora.com.ar\/web\/wp-json\/wp\/v2\/categories?post=27251"},{"taxonomy":"post_tag","embeddable":true,"href":"https:\/\/radiobitacora.com.ar\/web\/wp-json\/wp\/v2\/tags?post=27251"}],"curies":[{"name":"wp","href":"https:\/\/api.w.org\/{rel}","templated":true}]}}