{"id":27268,"date":"2025-10-30T09:46:24","date_gmt":"2025-10-30T12:46:24","guid":{"rendered":"https:\/\/radiobitacora.com.ar\/web\/?p=27268"},"modified":"2025-10-30T10:08:58","modified_gmt":"2025-10-30T13:08:58","slug":"feria-nacional-de-ciencia-y-tecnologia-estudiantes-correntinos-representan-a-la-provincia-en-cafayate","status":"publish","type":"post","link":"https:\/\/radiobitacora.com.ar\/web\/2025\/10\/30\/feria-nacional-de-ciencia-y-tecnologia-estudiantes-correntinos-representan-a-la-provincia-en-cafayate\/","title":{"rendered":"FERIA NACIONAL DE CIENCIA Y TECNOLOG\u00cdA: ESTUDIANTES CORRENTINOS REPRESENTAN A LA PROVINCIA EN CAFAYATE"},"content":{"rendered":"<p style=\"font-weight: 400;\">Este mi\u00e9rcoles comienza en el Centro de Convenciones de Cafayate, Salta, la Tercera Fase de la Feria de Ciencia y Tecnolog\u00eda Nacional, Eje Cient\u00edfico.<\/p>\n<p style=\"font-weight: 400;\">La misma ser\u00e1 hasta el pr\u00f3ximo viernes y participan all\u00ed cuatro o cinco\u00a0 proyectos Educativos por cada una de las veinticuatro jurisdicciones del pa\u00eds.<\/p>\n<p style=\"font-weight: 400;\">Cada delegaci\u00f3n est\u00e1 compuesta por \u00e9stos cuatro o cinco equipos que a su vez se integran por dos estudiantes y un docente, cuyos proyectos fueron seleccionados en las instancias provinciales para representarlas.<\/p>\n<p style=\"font-weight: 400;\">En el caso de Corrientes los proyectos seleccionados para esta fase son:<\/p>\n<p style=\"font-weight: 400;\">Reserva Santa Catalina y el mono Caray\u00e1, del EJI 54 de Corrientes.<\/p>\n<p style=\"font-weight: 400;\">Las Abejas nuestras amigas, de la Escuela Primaria N\u00b0 417 Alejo Camilo Lopez, de Garruchos.<\/p>\n<p style=\"font-weight: 400;\">Tatuajes, s\u00edmbolos de paz, de la UP N\u00b06 \u2013 Modalidad J\u00f3venes y Adultos, de San Cayetano.<\/p>\n<p style=\"font-weight: 400;\">Agua pura para todos, del Instituto Terap\u00e9utico a la Diversidad San Diego, de Riachuelo.<\/p>\n<p style=\"font-weight: 400;\">La flor de fuego, de la Escuela Normal Maria Luisa Rom\u00e1n de Frechou, Saladas.<\/p>\n<p style=\"font-weight: 400;\">Durante los tres d\u00edas se exponen los trabajos que son observados por evaluadores de todo el pa\u00eds.<\/p>\n<p style=\"font-weight: 400;\">El acto de cierre se realizar\u00e1 el viernes 31 por la tarde con la ceremonia de\u00a0 entrega de distinciones.<\/p>\n<p style=\"font-weight: 400;\">Hasta el momento se realizaron dos fases, ambas en Posadas, y en ambas Corrientes obtuvo dos distinciones de proyectos de Feria y dos Distinciones en Desaf\u00edos Educativos, sobre ocho proyectos presentados.<\/p>\n<p style=\"font-weight: 400;\">La \u00faltima fase se realizar\u00e1 en la ciudad de Buenos Aires del 18 al 20 de noviembre.<\/p>\n<p style=\"font-weight: 400;\">Direcci\u00f3n de Prensa \u2013 Municipalidad de Goya.<\/p>\n","protected":false},"excerpt":{"rendered":"<p>Este mi\u00e9rcoles comienza en el Centro de Convenciones de Cafayate, Salta, la Tercera Fase de la Feria de Ciencia y Tecnolog\u00eda Nacional, Eje Cient\u00edfico. La misma ser\u00e1 hasta el pr\u00f3ximo viernes y participan all\u00ed cuatro o cinco\u00a0 proyectos Educativos por cada una de las veinticuatro jurisdicciones del pa\u00eds. Cada delegaci\u00f3n est\u00e1 compuesta por \u00e9stos cuatro [&hellip;]<\/p>\n","protected":false},"author":2,"featured_media":27269,"comment_status":"open","ping_status":"open","sticky":false,"template":"","format":"standard","meta":{"footnotes":""},"categories":[56],"tags":[],"class_list":{"0":"post-27268","1":"post","2":"type-post","3":"status-publish","4":"format-standard","5":"has-post-thumbnail","7":"category-locales"},"_links":{"self":[{"href":"https:\/\/radiobitacora.com.ar\/web\/wp-json\/wp\/v2\/posts\/27268","targetHints":{"allow":["GET"]}}],"collection":[{"href":"https:\/\/radiobitacora.com.ar\/web\/wp-json\/wp\/v2\/posts"}],"about":[{"href":"https:\/\/radiobitacora.com.ar\/web\/wp-json\/wp\/v2\/types\/post"}],"author":[{"embeddable":true,"href":"https:\/\/radiobitacora.com.ar\/web\/wp-json\/wp\/v2\/users\/2"}],"replies":[{"embeddable":true,"href":"https:\/\/radiobitacora.com.ar\/web\/wp-json\/wp\/v2\/comments?post=27268"}],"version-history":[{"count":0,"href":"https:\/\/radiobitacora.com.ar\/web\/wp-json\/wp\/v2\/posts\/27268\/revisions"}],"wp:featuredmedia":[{"embeddable":true,"href":"https:\/\/radiobitacora.com.ar\/web\/wp-json\/wp\/v2\/media\/27269"}],"wp:attachment":[{"href":"https:\/\/radiobitacora.com.ar\/web\/wp-json\/wp\/v2\/media?parent=27268"}],"wp:term":[{"taxonomy":"category","embeddable":true,"href":"https:\/\/radiobitacora.com.ar\/web\/wp-json\/wp\/v2\/categories?post=27268"},{"taxonomy":"post_tag","embeddable":true,"href":"https:\/\/radiobitacora.com.ar\/web\/wp-json\/wp\/v2\/tags?post=27268"}],"curies":[{"name":"wp","href":"https:\/\/api.w.org\/{rel}","templated":true}]}}