{"id":27277,"date":"2025-10-30T11:18:49","date_gmt":"2025-10-30T14:18:49","guid":{"rendered":"https:\/\/radiobitacora.com.ar\/web\/?p=27277"},"modified":"2025-10-30T11:25:50","modified_gmt":"2025-10-30T14:25:50","slug":"la-asociacion-de-sociedades-rurales-de-corrientes-renovo-su-comision-directiva","status":"publish","type":"post","link":"https:\/\/radiobitacora.com.ar\/web\/2025\/10\/30\/la-asociacion-de-sociedades-rurales-de-corrientes-renovo-su-comision-directiva\/","title":{"rendered":"LA ASOCIACI\u00d3N DE SOCIEDADES RURALES DE CORRIENTES RENOV\u00d3 SU COMISI\u00d3N DIRECTIVA"},"content":{"rendered":"<p style=\"font-weight: 400;\">Desde la ASRC se expresa un sincero agradecimiento a Miguel Guenaga y a toda la comisi\u00f3n saliente por su compromiso, trabajo y dedicaci\u00f3n en la representaci\u00f3n del sector rural correntino durante su gesti\u00f3n.<\/p>\n<p style=\"font-weight: 400;\">El d\u00eda mi\u00e9rcoles en las instalaciones de la Sociedad Rural de Mercedes, se llev\u00f3 a cabo la Asamblea General de la Asociaci\u00f3n de Sociedades Rurales de Corrientes (ASRC), en la cual se renovaron las autoridades de la instituci\u00f3n.<\/p>\n<p style=\"font-weight: 400;\">La nueva Comisi\u00f3n Directiva qued\u00f3 conformada de la siguiente manera:<\/p>\n<ul>\n<li style=\"font-weight: 400;\">\u00a0\u00a0\u00a0\u00a0\u00a0\u00a0\u00a0\u00a0\u00a0\u00a0\u00a0 Presidente: Carlos Ra\u00fal Rold\u00e1n (Mercedes)<\/li>\n<li style=\"font-weight: 400;\">\u00a0\u00a0\u00a0\u00a0\u00a0\u00a0\u00a0\u00a0\u00a0\u00a0\u00a0 Vicepresidente: Mart\u00edn Bruzo (Bella Vista)<\/li>\n<li style=\"font-weight: 400;\">\u00a0\u00a0\u00a0\u00a0\u00a0\u00a0\u00a0\u00a0\u00a0\u00a0\u00a0 Secretario: Juan Federico Palma (Corrientes)<\/li>\n<li style=\"font-weight: 400;\">\u00a0\u00a0\u00a0\u00a0\u00a0\u00a0\u00a0\u00a0\u00a0\u00a0\u00a0 Prosecretaria: Elba Fern\u00e1ndez (Goya)<\/li>\n<li style=\"font-weight: 400;\">\u00a0\u00a0\u00a0\u00a0\u00a0\u00a0\u00a0\u00a0\u00a0\u00a0\u00a0 Tesorera: Silvina Pietrantueno (Curuz\u00fa Cuati\u00e1)<\/li>\n<li style=\"font-weight: 400;\">\u00a0\u00a0\u00a0\u00a0\u00a0\u00a0\u00a0\u00a0\u00a0\u00a0\u00a0 Protesorera: Mar\u00eda Marta Batalla (Paso de los Libres)<\/li>\n<\/ul>\n<p style=\"font-weight: 400;\">Revisores de cuentas:<\/p>\n<ul>\n<li style=\"font-weight: 400;\">\u00a0\u00a0\u00a0\u00a0\u00a0\u00a0\u00a0\u00a0\u00a0\u00a0\u00a0 Pablo S\u00e1nchez (Goya)<\/li>\n<li style=\"font-weight: 400;\">\u00a0\u00a0\u00a0\u00a0\u00a0\u00a0\u00a0\u00a0\u00a0\u00a0\u00a0 Blanca Stortti (Santo Tom\u00e9)<\/li>\n<\/ul>\n<p style=\"font-weight: 400;\">.<\/p>\n<p style=\"font-weight: 400;\">La nueva conducci\u00f3n asume el compromiso de continuar fortaleciendo el trabajo conjunto entre las sociedades rurales de toda la provincia, en defensa de la producci\u00f3n, los valores y el desarrollo del campo correntino.<\/p>\n<p style=\"font-weight: 400;\">Direcci\u00f3n de Prensa-Municipalidad de Goya<\/p>\n","protected":false},"excerpt":{"rendered":"<p>Desde la ASRC se expresa un sincero agradecimiento a Miguel Guenaga y a toda la comisi\u00f3n saliente por su compromiso, trabajo y dedicaci\u00f3n en la representaci\u00f3n del sector rural correntino durante su gesti\u00f3n. El d\u00eda mi\u00e9rcoles en las instalaciones de la Sociedad Rural de Mercedes, se llev\u00f3 a cabo la Asamblea General de la Asociaci\u00f3n [&hellip;]<\/p>\n","protected":false},"author":2,"featured_media":27278,"comment_status":"open","ping_status":"open","sticky":false,"template":"","format":"standard","meta":{"footnotes":""},"categories":[56],"tags":[],"class_list":{"0":"post-27277","1":"post","2":"type-post","3":"status-publish","4":"format-standard","5":"has-post-thumbnail","7":"category-locales"},"_links":{"self":[{"href":"https:\/\/radiobitacora.com.ar\/web\/wp-json\/wp\/v2\/posts\/27277","targetHints":{"allow":["GET"]}}],"collection":[{"href":"https:\/\/radiobitacora.com.ar\/web\/wp-json\/wp\/v2\/posts"}],"about":[{"href":"https:\/\/radiobitacora.com.ar\/web\/wp-json\/wp\/v2\/types\/post"}],"author":[{"embeddable":true,"href":"https:\/\/radiobitacora.com.ar\/web\/wp-json\/wp\/v2\/users\/2"}],"replies":[{"embeddable":true,"href":"https:\/\/radiobitacora.com.ar\/web\/wp-json\/wp\/v2\/comments?post=27277"}],"version-history":[{"count":0,"href":"https:\/\/radiobitacora.com.ar\/web\/wp-json\/wp\/v2\/posts\/27277\/revisions"}],"wp:featuredmedia":[{"embeddable":true,"href":"https:\/\/radiobitacora.com.ar\/web\/wp-json\/wp\/v2\/media\/27278"}],"wp:attachment":[{"href":"https:\/\/radiobitacora.com.ar\/web\/wp-json\/wp\/v2\/media?parent=27277"}],"wp:term":[{"taxonomy":"category","embeddable":true,"href":"https:\/\/radiobitacora.com.ar\/web\/wp-json\/wp\/v2\/categories?post=27277"},{"taxonomy":"post_tag","embeddable":true,"href":"https:\/\/radiobitacora.com.ar\/web\/wp-json\/wp\/v2\/tags?post=27277"}],"curies":[{"name":"wp","href":"https:\/\/api.w.org\/{rel}","templated":true}]}}