{"id":27527,"date":"2025-11-11T08:53:21","date_gmt":"2025-11-11T11:53:21","guid":{"rendered":"https:\/\/radiobitacora.com.ar\/web\/?p=27527"},"modified":"2025-11-11T08:53:21","modified_gmt":"2025-11-11T11:53:21","slug":"arbra-distinguio-a-goyanos-destacados-en-el-ambito-del-arte-y-la-cultura","status":"publish","type":"post","link":"https:\/\/radiobitacora.com.ar\/web\/2025\/11\/11\/arbra-distinguio-a-goyanos-destacados-en-el-ambito-del-arte-y-la-cultura\/","title":{"rendered":"ARBRA DISTINGUI\u00d3 A GOYANOS DESTACADOS EN EL \u00c1MBITO DEL ARTE Y LA CULTURA"},"content":{"rendered":"<p style=\"font-weight: 400;\">\n<p style=\"font-weight: 400;\">En la gala del 10\u00ba aniversario de ARBRA desarrollada el pasado domingo 9 de noviembre en el Teatro Prezewodowski, recinto que se convirti\u00f3 en escenario de reconocimiento, gratitud y visi\u00f3n de futuro afianzando los lazos de hermandad entre Argentina y Brasil, se reconocieron a personalidades del \u00e1mbito cultural y art\u00edstico.<\/p>\n<p style=\"font-weight: 400;\">\n<p style=\"font-weight: 400;\">En la mencionada gala de la que particip\u00f3 el prefeito de Itaqui Leonardo Betin, la directora general de ArBra Internacional, Mercy Gervasoni, el subsecretario de Turismo de la provincia de Corrientes David Zajarevich, autoridades del municipio de Alvear y funcionarios de Itaqui Brasil, recibieron distinciones por su trabajo en el \u00e1mbito de la cultura, referentes de nuestra ciudad.<\/p>\n<p style=\"font-weight: 400;\">\n<p style=\"font-weight: 400;\">Por su labor como gestor cultural destacado por el \u201cPintemos Goya\u201d, Leonardo Ram\u00edrez Boll. De igual manera, han sido reconocidas por su labor en el Coro Polif\u00f3nico Municipal de Goya, su creadora y directora, profesora Elidia Andino, y la fundadora y directora del Ballet Municipal de nuestra ciudad, la profesora Ana Mar\u00eda Trainini.<\/p>\n<p style=\"font-weight: 400;\">\n<p style=\"font-weight: 400;\">El artista pl\u00e1stico Leonardo Ram\u00edrez Boll, adem\u00e1s de recibir su distinci\u00f3n fue el depositario de las menciones para Elidia Andino y Ana Mar\u00eda Trainini.<\/p>\n<p style=\"font-weight: 400;\">\n<p style=\"font-weight: 400;\">El artista consider\u00f3 como \u201cuna noche so\u00f1ada\u201d; para manifestar su agradecimiento por \u201cel reconocimiento de ARBRA por la gesti\u00f3n cultural del Pintemos Goya, reafirmando el v\u00ednculo de Argentina y Brasil unidas por el arte.<\/p>\n<p style=\"font-weight: 400;\">\n<p style=\"font-weight: 400;\">Direcci\u00f3n de Prensa &#8211; Municipalidad de Goya<\/p>\n","protected":false},"excerpt":{"rendered":"<p>En la gala del 10\u00ba aniversario de ARBRA desarrollada el pasado domingo 9 de noviembre en el Teatro Prezewodowski, recinto que se convirti\u00f3 en escenario de reconocimiento, gratitud y visi\u00f3n de futuro afianzando los lazos de hermandad entre Argentina y Brasil, se reconocieron a personalidades del \u00e1mbito cultural y art\u00edstico. En la mencionada gala de [&hellip;]<\/p>\n","protected":false},"author":2,"featured_media":27528,"comment_status":"open","ping_status":"open","sticky":false,"template":"","format":"standard","meta":{"footnotes":""},"categories":[56],"tags":[],"class_list":{"0":"post-27527","1":"post","2":"type-post","3":"status-publish","4":"format-standard","5":"has-post-thumbnail","7":"category-locales"},"_links":{"self":[{"href":"https:\/\/radiobitacora.com.ar\/web\/wp-json\/wp\/v2\/posts\/27527","targetHints":{"allow":["GET"]}}],"collection":[{"href":"https:\/\/radiobitacora.com.ar\/web\/wp-json\/wp\/v2\/posts"}],"about":[{"href":"https:\/\/radiobitacora.com.ar\/web\/wp-json\/wp\/v2\/types\/post"}],"author":[{"embeddable":true,"href":"https:\/\/radiobitacora.com.ar\/web\/wp-json\/wp\/v2\/users\/2"}],"replies":[{"embeddable":true,"href":"https:\/\/radiobitacora.com.ar\/web\/wp-json\/wp\/v2\/comments?post=27527"}],"version-history":[{"count":0,"href":"https:\/\/radiobitacora.com.ar\/web\/wp-json\/wp\/v2\/posts\/27527\/revisions"}],"wp:featuredmedia":[{"embeddable":true,"href":"https:\/\/radiobitacora.com.ar\/web\/wp-json\/wp\/v2\/media\/27528"}],"wp:attachment":[{"href":"https:\/\/radiobitacora.com.ar\/web\/wp-json\/wp\/v2\/media?parent=27527"}],"wp:term":[{"taxonomy":"category","embeddable":true,"href":"https:\/\/radiobitacora.com.ar\/web\/wp-json\/wp\/v2\/categories?post=27527"},{"taxonomy":"post_tag","embeddable":true,"href":"https:\/\/radiobitacora.com.ar\/web\/wp-json\/wp\/v2\/tags?post=27527"}],"curies":[{"name":"wp","href":"https:\/\/api.w.org\/{rel}","templated":true}]}}