{"id":27922,"date":"2025-11-26T10:09:52","date_gmt":"2025-11-26T13:09:52","guid":{"rendered":"https:\/\/radiobitacora.com.ar\/web\/?p=27922"},"modified":"2025-11-26T10:09:52","modified_gmt":"2025-11-26T13:09:52","slug":"alma-vida-una-jornada-para-reconectar-con-la-gracia-y-celebrarse","status":"publish","type":"post","link":"https:\/\/radiobitacora.com.ar\/web\/2025\/11\/26\/alma-vida-una-jornada-para-reconectar-con-la-gracia-y-celebrarse\/","title":{"rendered":"ALMA VIDA: UNA JORNADA PARA RECONECTAR CON LA GRACIA Y CELEBRARSE"},"content":{"rendered":"<p>&nbsp;<\/p>\n<p>&nbsp;<\/p>\n<p>El pr\u00f3ximo domingo 7 de diciembre, el Espacio Las Piedras ser\u00e1 escenario de \u201cALMA VIDA\u201d, una propuesta integral pensada para quienes buscan reconectar con su bienestar f\u00edsico, emocional y espiritual. Bajo el lema: \u201cLa GRACIA es tu estado natural. Ven\u00ed a celebrarte\u201d, la actividad invita a disfrutar de un d\u00eda al aire libre cargado de experiencias transformadoras.<\/p>\n<p>Desde las 9:30 hasta las 20 horas, los participantes podr\u00e1n recorrer una amplia oferta de actividades que incluyen yoga, arte, m\u00fasica, charlas, talleres, movimiento y una feria hol\u00edstica, conformando un encuentro que combina pr\u00e1cticas de armonizaci\u00f3n, creatividad y disfrute colectivo.<\/p>\n<p>La jornada apunta a crear un espacio de calma, inspiraci\u00f3n y conexi\u00f3n personal en un entorno natural que favorece la relajaci\u00f3n y el crecimiento interior. \u201cAlma Vida\u201d se proyecta, as\u00ed como una alternativa ideal para cerrar el a\u00f1o desde un lugar de introspecci\u00f3n y renovaci\u00f3n.<\/p>\n<p>Para mayor informaci\u00f3n o consultas sobre actividades y participaci\u00f3n, los interesados pueden comunicarse al 3548-637063.<\/p>\n<p>&nbsp;<\/p>\n<p>&nbsp;<\/p>\n<p>Direcci\u00f3n de Prensa \u2013 Municipalidad de Goya.<\/p>\n","protected":false},"excerpt":{"rendered":"<p>&nbsp; &nbsp; El pr\u00f3ximo domingo 7 de diciembre, el Espacio Las Piedras ser\u00e1 escenario de \u201cALMA VIDA\u201d, una propuesta integral pensada para quienes buscan reconectar con su bienestar f\u00edsico, emocional y espiritual. Bajo el lema: \u201cLa GRACIA es tu estado natural. Ven\u00ed a celebrarte\u201d, la actividad invita a disfrutar de un d\u00eda al aire libre [&hellip;]<\/p>\n","protected":false},"author":2,"featured_media":27923,"comment_status":"open","ping_status":"open","sticky":false,"template":"","format":"standard","meta":{"footnotes":""},"categories":[56],"tags":[],"class_list":{"0":"post-27922","1":"post","2":"type-post","3":"status-publish","4":"format-standard","5":"has-post-thumbnail","7":"category-locales"},"_links":{"self":[{"href":"https:\/\/radiobitacora.com.ar\/web\/wp-json\/wp\/v2\/posts\/27922","targetHints":{"allow":["GET"]}}],"collection":[{"href":"https:\/\/radiobitacora.com.ar\/web\/wp-json\/wp\/v2\/posts"}],"about":[{"href":"https:\/\/radiobitacora.com.ar\/web\/wp-json\/wp\/v2\/types\/post"}],"author":[{"embeddable":true,"href":"https:\/\/radiobitacora.com.ar\/web\/wp-json\/wp\/v2\/users\/2"}],"replies":[{"embeddable":true,"href":"https:\/\/radiobitacora.com.ar\/web\/wp-json\/wp\/v2\/comments?post=27922"}],"version-history":[{"count":0,"href":"https:\/\/radiobitacora.com.ar\/web\/wp-json\/wp\/v2\/posts\/27922\/revisions"}],"wp:featuredmedia":[{"embeddable":true,"href":"https:\/\/radiobitacora.com.ar\/web\/wp-json\/wp\/v2\/media\/27923"}],"wp:attachment":[{"href":"https:\/\/radiobitacora.com.ar\/web\/wp-json\/wp\/v2\/media?parent=27922"}],"wp:term":[{"taxonomy":"category","embeddable":true,"href":"https:\/\/radiobitacora.com.ar\/web\/wp-json\/wp\/v2\/categories?post=27922"},{"taxonomy":"post_tag","embeddable":true,"href":"https:\/\/radiobitacora.com.ar\/web\/wp-json\/wp\/v2\/tags?post=27922"}],"curies":[{"name":"wp","href":"https:\/\/api.w.org\/{rel}","templated":true}]}}