{"id":27971,"date":"2025-11-26T10:50:04","date_gmt":"2025-11-26T13:50:04","guid":{"rendered":"https:\/\/radiobitacora.com.ar\/web\/?p=27971"},"modified":"2025-11-26T10:50:13","modified_gmt":"2025-11-26T13:50:13","slug":"siete-colegios-participan-del-concurso-murales-que-sanan","status":"publish","type":"post","link":"https:\/\/radiobitacora.com.ar\/web\/2025\/11\/26\/siete-colegios-participan-del-concurso-murales-que-sanan\/","title":{"rendered":"SIETE COLEGIOS PARTICIPAN DEL CONCURSO\u00a0MURALES QUE SANAN"},"content":{"rendered":"<p style=\"font-weight: 400;\">El concurso es organizado por la Direcci\u00f3n de Salud Mental de la Municipalidad de Goya y participan del mismo siete colegios de la ciudad y el campo, a saber: colegio secundario Brigadier Gustavo Zini, colegio secundario Gregoria Morales, colegio secundario de Buena Vista, colegio secundario Cocalito, colegio secundario Juan Eusebio Torrent, colegio secundario La Rotonda y colegio secundario Dr. Roberto I. L\u00f3pez Alvarado.<\/p>\n<p style=\"font-weight: 400;\">El ganador ser\u00e1 aquel colegio que acumule m\u00e1s \u201cme gusta\u201d en la publicaci\u00f3n que la Direcci\u00f3n de Salud Mental realizar\u00e1 en su cuenta de Instagram. All\u00ed se ver\u00e1n las im\u00e1genes de todos los murales y el p\u00fablico decidir\u00e1 con su voto al mural ganador. Para ello, deber\u00e1:<\/p>\n<ul>\n<li style=\"font-weight: 400;\">Buscar la cuenta de la Direcci\u00f3n de Salud Mental en Instagram y dar click en \u201cseguir\u201d.<\/li>\n<li style=\"font-weight: 400;\">Observar las fotos de los murales y dar \u201cme gusta\u201d en la foto del mural de su preferencia.<\/li>\n<\/ul>\n<p style=\"font-weight: 400;\">El periodo de votaci\u00f3n se extiende por un lapso de tres d\u00edas a partir de este mi\u00e9rcoles 26 de noviembre.<\/p>\n<p style=\"font-weight: 400;\">Para observar los murales, in situ, estos se pueden apreciar en el muro de la citada Direcci\u00f3n que se halla por calle Jos\u00e9 Mar\u00eda Soto entre avenida Sarmiento y Uruguay.<\/p>\n<p style=\"font-weight: 400;\">A trav\u00e9s de \u201cMurales que sanan\u201d los adolescentes y j\u00f3venes transmitieron aquello que piensan y sienten respecto a la tem\u00e1tica propuesta, y sus mensajes ser\u00e1n un recordatorio permanente de c\u00f3mo favorecer relaciones saludables.<\/p>\n<p style=\"font-weight: 400;\">Direcci\u00f3n de Prensa- Municipalidad de Goya<\/p>\n","protected":false},"excerpt":{"rendered":"<p>El concurso es organizado por la Direcci\u00f3n de Salud Mental de la Municipalidad de Goya y participan del mismo siete colegios de la ciudad y el campo, a saber: colegio secundario Brigadier Gustavo Zini, colegio secundario Gregoria Morales, colegio secundario de Buena Vista, colegio secundario Cocalito, colegio secundario Juan Eusebio Torrent, colegio secundario La Rotonda [&hellip;]<\/p>\n","protected":false},"author":2,"featured_media":27972,"comment_status":"open","ping_status":"open","sticky":false,"template":"","format":"standard","meta":{"footnotes":""},"categories":[56],"tags":[],"class_list":{"0":"post-27971","1":"post","2":"type-post","3":"status-publish","4":"format-standard","5":"has-post-thumbnail","7":"category-locales"},"_links":{"self":[{"href":"https:\/\/radiobitacora.com.ar\/web\/wp-json\/wp\/v2\/posts\/27971","targetHints":{"allow":["GET"]}}],"collection":[{"href":"https:\/\/radiobitacora.com.ar\/web\/wp-json\/wp\/v2\/posts"}],"about":[{"href":"https:\/\/radiobitacora.com.ar\/web\/wp-json\/wp\/v2\/types\/post"}],"author":[{"embeddable":true,"href":"https:\/\/radiobitacora.com.ar\/web\/wp-json\/wp\/v2\/users\/2"}],"replies":[{"embeddable":true,"href":"https:\/\/radiobitacora.com.ar\/web\/wp-json\/wp\/v2\/comments?post=27971"}],"version-history":[{"count":0,"href":"https:\/\/radiobitacora.com.ar\/web\/wp-json\/wp\/v2\/posts\/27971\/revisions"}],"wp:featuredmedia":[{"embeddable":true,"href":"https:\/\/radiobitacora.com.ar\/web\/wp-json\/wp\/v2\/media\/27972"}],"wp:attachment":[{"href":"https:\/\/radiobitacora.com.ar\/web\/wp-json\/wp\/v2\/media?parent=27971"}],"wp:term":[{"taxonomy":"category","embeddable":true,"href":"https:\/\/radiobitacora.com.ar\/web\/wp-json\/wp\/v2\/categories?post=27971"},{"taxonomy":"post_tag","embeddable":true,"href":"https:\/\/radiobitacora.com.ar\/web\/wp-json\/wp\/v2\/tags?post=27971"}],"curies":[{"name":"wp","href":"https:\/\/api.w.org\/{rel}","templated":true}]}}