{"id":28089,"date":"2025-12-01T09:05:06","date_gmt":"2025-12-01T12:05:06","guid":{"rendered":"https:\/\/radiobitacora.com.ar\/web\/?p=28089"},"modified":"2025-12-01T09:05:13","modified_gmt":"2025-12-01T12:05:13","slug":"senalizacion-de-sendas-peatonales","status":"publish","type":"post","link":"https:\/\/radiobitacora.com.ar\/web\/2025\/12\/01\/senalizacion-de-sendas-peatonales\/","title":{"rendered":"SE\u00d1ALIZACI\u00d3N DE SENDAS PEATONALES"},"content":{"rendered":"<p style=\"font-weight: 400;\">El personal de Direcci\u00f3n de Tr\u00e1nsito de Goya realiza una serie de trabajos de pintura y demarcaci\u00f3n horizontal en sendas asf\u00e1lticas, en distintos puntos de la ciudad. Estos trabajos promueven la se\u00f1alizaci\u00f3n vial, contribuyendo al ordenamiento del tr\u00e1nsito urbano, con el objetivo de mejorar la seguridad vial y renovar la est\u00e9tica de los espacios de tr\u00e1nsito peatonal.<\/p>\n<p style=\"font-weight: 400;\">Las tareas de demarcaci\u00f3n y pintura de sendas peatonales en sectores estrat\u00e9gicos contribuyen a la circulaci\u00f3n segura.<\/p>\n<p style=\"font-weight: 400;\">Vale destacar que las acciones desplegadas por el personal municipal se vienen realizando en horarios que no ocasionan inconvenientes, optando por efectuar estos trabajos en horas cercanas a la medianoche.<\/p>\n<p style=\"font-weight: 400;\">Direcci\u00f3n de Prensa-Municipalidad de Goya<\/p>\n","protected":false},"excerpt":{"rendered":"<p>El personal de Direcci\u00f3n de Tr\u00e1nsito de Goya realiza una serie de trabajos de pintura y demarcaci\u00f3n horizontal en sendas asf\u00e1lticas, en distintos puntos de la ciudad. Estos trabajos promueven la se\u00f1alizaci\u00f3n vial, contribuyendo al ordenamiento del tr\u00e1nsito urbano, con el objetivo de mejorar la seguridad vial y renovar la est\u00e9tica de los espacios de [&hellip;]<\/p>\n","protected":false},"author":2,"featured_media":28090,"comment_status":"open","ping_status":"open","sticky":false,"template":"","format":"standard","meta":{"footnotes":""},"categories":[56],"tags":[],"class_list":{"0":"post-28089","1":"post","2":"type-post","3":"status-publish","4":"format-standard","5":"has-post-thumbnail","7":"category-locales"},"_links":{"self":[{"href":"https:\/\/radiobitacora.com.ar\/web\/wp-json\/wp\/v2\/posts\/28089","targetHints":{"allow":["GET"]}}],"collection":[{"href":"https:\/\/radiobitacora.com.ar\/web\/wp-json\/wp\/v2\/posts"}],"about":[{"href":"https:\/\/radiobitacora.com.ar\/web\/wp-json\/wp\/v2\/types\/post"}],"author":[{"embeddable":true,"href":"https:\/\/radiobitacora.com.ar\/web\/wp-json\/wp\/v2\/users\/2"}],"replies":[{"embeddable":true,"href":"https:\/\/radiobitacora.com.ar\/web\/wp-json\/wp\/v2\/comments?post=28089"}],"version-history":[{"count":0,"href":"https:\/\/radiobitacora.com.ar\/web\/wp-json\/wp\/v2\/posts\/28089\/revisions"}],"wp:featuredmedia":[{"embeddable":true,"href":"https:\/\/radiobitacora.com.ar\/web\/wp-json\/wp\/v2\/media\/28090"}],"wp:attachment":[{"href":"https:\/\/radiobitacora.com.ar\/web\/wp-json\/wp\/v2\/media?parent=28089"}],"wp:term":[{"taxonomy":"category","embeddable":true,"href":"https:\/\/radiobitacora.com.ar\/web\/wp-json\/wp\/v2\/categories?post=28089"},{"taxonomy":"post_tag","embeddable":true,"href":"https:\/\/radiobitacora.com.ar\/web\/wp-json\/wp\/v2\/tags?post=28089"}],"curies":[{"name":"wp","href":"https:\/\/api.w.org\/{rel}","templated":true}]}}