{"id":28130,"date":"2025-12-01T11:57:08","date_gmt":"2025-12-01T14:57:08","guid":{"rendered":"https:\/\/radiobitacora.com.ar\/web\/?p=28130"},"modified":"2025-12-01T11:57:13","modified_gmt":"2025-12-01T14:57:13","slug":"28130","status":"publish","type":"post","link":"https:\/\/radiobitacora.com.ar\/web\/2025\/12\/01\/28130\/","title":{"rendered":""},"content":{"rendered":"<div class=\"flex max-w-full flex-col grow\">\n<div class=\"min-h-8 text-message relative flex w-full flex-col items-end gap-2 text-start break-words whitespace-normal [.text-message+&amp;]:mt-1\" dir=\"auto\" data-message-author-role=\"assistant\" data-message-id=\"5aaaeb3a-55df-4b83-a447-b6ac214205b0\" data-message-model-slug=\"gpt-5-1\">\n<div class=\"flex w-full flex-col gap-1 empty:hidden first:pt-[1px]\">\n<div class=\"markdown prose dark:prose-invert w-full break-words light markdown-new-styling\">\n<p data-start=\"0\" data-end=\"87\"><strong data-start=\"0\" data-end=\"87\">NUEVO CICLO RADIAL: \u201cATRAVESANDO EL AIRE\u201d LLEGA A MULTIPLATAFORMA BIT\u00c1CORA 98.9\u00a0<\/strong><\/p>\n<p data-start=\"89\" data-end=\"371\">Cada mi\u00e9rcoles, de <strong data-start=\"108\" data-end=\"125\">10 a 12 horas<\/strong>, la audiencia de Goya y la regi\u00f3n podr\u00e1 disfrutar de una nueva propuesta informativa y cultural: <strong data-start=\"223\" data-end=\"248\">\u201cAtravesando el Aire\u201d<\/strong>, el programa conducido por <strong data-start=\"276\" data-end=\"301\">Carolina Salas Araujo<\/strong>, que se suma a la grilla de <strong data-start=\"330\" data-end=\"363\">Multiplataforma Bit\u00e1cora 98.9<\/strong>.<\/p>\n<p data-start=\"373\" data-end=\"566\">El ciclo promete una ma\u00f1ana din\u00e1mica con <strong data-start=\"414\" data-end=\"480\">noticias, entrevistas, historias, m\u00fasica y una compa\u00f1\u00eda c\u00e1lida<\/strong>, pensada para acompa\u00f1ar a los oyentes con contenido variado y de inter\u00e9s general.<\/p>\n<p data-start=\"568\" data-end=\"844\">El programa podr\u00e1 seguirse a trav\u00e9s de todas las plataformas del multimedio:<br data-start=\"644\" data-end=\"647\" \/><strong data-start=\"650\" data-end=\"661\">FM 98.9<\/strong><br data-start=\"661\" data-end=\"664\" \/><strong data-start=\"667\" data-end=\"691\">TV: Canal 1.1 Gowigo<\/strong><br data-start=\"691\" data-end=\"694\" \/><strong data-start=\"697\" data-end=\"710\" data-is-only-node=\"\">Facebook:<\/strong> Radio Bit\u00e1cora 98.9<br data-start=\"730\" data-end=\"733\" \/><strong data-start=\"736\" data-end=\"750\">Instagram:<\/strong> @radiobitacora98.9<br data-start=\"769\" data-end=\"772\" \/><strong data-start=\"775\" data-end=\"787\">YouTube:<\/strong> Radio Bit\u00e1cora 98.9<br data-start=\"807\" data-end=\"810\" \/><strong data-start=\"813\" data-end=\"821\">Web:<\/strong> radiobitacora.com.ar<\/p>\n<p data-start=\"846\" data-end=\"979\">La producci\u00f3n est\u00e1 a cargo de <strong data-start=\"876\" data-end=\"896\">Kemba Productora<\/strong>, que suma este nuevo proyecto a su creciente labor en contenidos audiovisuales.<\/p>\n<p data-start=\"981\" data-end=\"1165\">\u201cAtravesando el Aire\u201d invita a la comunidad a formar parte, interactuar y sumarse a la conversaci\u00f3n, con un mensaje claro: <strong data-start=\"1104\" data-end=\"1159\">todas las voces importan y pueden atravesar el aire<\/strong>.<\/p>\n<p data-start=\"1167\" data-end=\"1297\" data-is-last-node=\"\" data-is-only-node=\"\"><em data-start=\"1170\" data-end=\"1297\" data-is-last-node=\"\">Una propuesta fresca para las ma\u00f1anas de los mi\u00e9rcoles, que combina informaci\u00f3n, entretenimiento y cercan\u00eda con la audiencia.<\/em><\/p>\n<\/div>\n<\/div>\n<\/div>\n<\/div>\n<div class=\"z-0 flex min-h-[46px] justify-start\"><\/div>\n<div class=\"mt-3 w-full empty:hidden\">\n<div class=\"text-center\">\n<div>\n<div class=\"inline-flex border border-gray-100 dark:border-gray-700 rounded-xl\">\n<div class=\"text-token-text-secondary flex items-center justify-center gap-4 px-4 py-2.5 text-sm whitespace-nowrap\"><\/div>\n<\/div>\n<\/div>\n<\/div>\n<\/div>\n","protected":false},"excerpt":{"rendered":"<p>NUEVO CICLO RADIAL: \u201cATRAVESANDO EL AIRE\u201d LLEGA A MULTIPLATAFORMA BIT\u00c1CORA 98.9\u00a0 Cada mi\u00e9rcoles, de 10 a 12 horas, la audiencia de Goya y la regi\u00f3n podr\u00e1 disfrutar de una nueva propuesta informativa y cultural: \u201cAtravesando el Aire\u201d, el programa conducido por Carolina Salas Araujo, que se suma a la grilla de Multiplataforma Bit\u00e1cora 98.9. El [&hellip;]<\/p>\n","protected":false},"author":2,"featured_media":28131,"comment_status":"open","ping_status":"open","sticky":false,"template":"","format":"standard","meta":{"footnotes":""},"categories":[74],"tags":[],"class_list":{"0":"post-28130","1":"post","2":"type-post","3":"status-publish","4":"format-standard","5":"has-post-thumbnail","7":"category-bitacora-tv"},"_links":{"self":[{"href":"https:\/\/radiobitacora.com.ar\/web\/wp-json\/wp\/v2\/posts\/28130","targetHints":{"allow":["GET"]}}],"collection":[{"href":"https:\/\/radiobitacora.com.ar\/web\/wp-json\/wp\/v2\/posts"}],"about":[{"href":"https:\/\/radiobitacora.com.ar\/web\/wp-json\/wp\/v2\/types\/post"}],"author":[{"embeddable":true,"href":"https:\/\/radiobitacora.com.ar\/web\/wp-json\/wp\/v2\/users\/2"}],"replies":[{"embeddable":true,"href":"https:\/\/radiobitacora.com.ar\/web\/wp-json\/wp\/v2\/comments?post=28130"}],"version-history":[{"count":0,"href":"https:\/\/radiobitacora.com.ar\/web\/wp-json\/wp\/v2\/posts\/28130\/revisions"}],"wp:featuredmedia":[{"embeddable":true,"href":"https:\/\/radiobitacora.com.ar\/web\/wp-json\/wp\/v2\/media\/28131"}],"wp:attachment":[{"href":"https:\/\/radiobitacora.com.ar\/web\/wp-json\/wp\/v2\/media?parent=28130"}],"wp:term":[{"taxonomy":"category","embeddable":true,"href":"https:\/\/radiobitacora.com.ar\/web\/wp-json\/wp\/v2\/categories?post=28130"},{"taxonomy":"post_tag","embeddable":true,"href":"https:\/\/radiobitacora.com.ar\/web\/wp-json\/wp\/v2\/tags?post=28130"}],"curies":[{"name":"wp","href":"https:\/\/api.w.org\/{rel}","templated":true}]}}