{"id":28246,"date":"2025-12-04T09:27:42","date_gmt":"2025-12-04T12:27:42","guid":{"rendered":"https:\/\/radiobitacora.com.ar\/web\/?p=28246"},"modified":"2025-12-04T09:27:57","modified_gmt":"2025-12-04T12:27:57","slug":"jovenes-de-la-zona-rural-de-goya-de-las-vanguardias-obreras-catolicas-rumbo-a-mar-del-plata","status":"publish","type":"post","link":"https:\/\/radiobitacora.com.ar\/web\/2025\/12\/04\/jovenes-de-la-zona-rural-de-goya-de-las-vanguardias-obreras-catolicas-rumbo-a-mar-del-plata\/","title":{"rendered":"J\u00d3VENES DE LA ZONA RURAL DE GOYA DE LAS VANGUARDIAS OBRERAS CAT\u00d3LICAS RUMBO A MAR DEL PLATA"},"content":{"rendered":"<p style=\"font-weight: 400;\">Los j\u00f3venes de las comunidades rurales de las Cuasi Parroquia San Pantale\u00f3n y la Parroquia Nuestra Se\u00f1ora de Itat\u00ed, participaran del Campamento Anual organizado por la Federaci\u00f3n que nuclea a los vanguardistas, recordemos que este espacio de camino espiritual ha sido creado por el Misionero Redentorista Padre Federico Grote.<\/p>\n<p style=\"font-weight: 400;\">Los j\u00f3venes, 50 m\u00e1s 10 asesores junto al P\u00e1rroco Juan Carlos Mendoza, partieron en horas de la tarde desde la terminal de nuestra ciudad rumbo al sitio, cercano a Mar del Plata (Parque Camet), donde est\u00e1 ubicado el lugar donde se realizar\u00e1 el campamento desde el 5 al 7 del corriente mes, previo a su arribo a la costa atl\u00e1ntica, la delegaci\u00f3n visitar\u00e1 la ciudad de Luj\u00e1n con una escala en la Bas\u00edlica de la Patrona de la Argentina.<\/p>\n<p style=\"font-weight: 400;\">UNA RICA EXPERIENCIA SOCIAL Y ESPIRITUAL<\/p>\n<p style=\"font-weight: 400;\">Sandra Alcaraz una de las animadoras, coordinadora del grupo en declaraciones radiales coment\u00f3: \u201cHemos trabajado durante todo el a\u00f1o junto a los j\u00f3venes de nuestras comunidades rurales para ser part\u00edcipes de nuestro campamento anual, en Parque Camet.\u201d<\/p>\n<p style=\"font-weight: 400;\">\u201cEn el campamento participaremos con los distintos centros del pa\u00eds unos 200 j\u00f3venes, durante los d\u00edas 5, 6 y 7 de diciembre, -adelant\u00f3 la asesora de la comunidad juvenil rural- nosotros conformamos una delegaci\u00f3n de 50 j\u00f3venes de nuestras comunidades rurales, m\u00e1s los asesores, coordinadores y en esta oportunidad viaja con nosotros el p\u00e1rroco padre Juan Carlos Mendoza.\u201d<\/p>\n<p style=\"font-weight: 400;\">VISITA A LUJ\u00c1N<\/p>\n<p style=\"font-weight: 400;\">La referente de la comunidad de San Pedro, se\u00f1al\u00f3: \u201cAntes de arribar a Mar del Plata haremos una escala en Lujan para visitar la casa de nuestra madre la Virgen Patrona del pa\u00eds, es una experiencia muy linda que se agrega a que hemos sido invitados a formar parte del equipo de animaci\u00f3n y coordinaci\u00f3n del campamento nacional<\/p>\n<p style=\"font-weight: 400;\">COMUNIDADES DE SAN PEDRO, PORVENIR Y SANTA MARIA DEL CAMINO<\/p>\n<p style=\"font-weight: 400;\">Finalmente, en la entrevista radial Sandra Alcaraz, cont\u00f3: \u201cLos participantes al campamento anual pertenecen a las capillas Pompeya de Porvenir, San Pedro y Santa Mar\u00eda del Camino, nos hemos preparado con retiros, campamentos y actividades pastorales es el cierre del a\u00f1o junto a otros j\u00f3venes vanguardistas del pa\u00eds, nos hemos formado para experimentar este encuentro.\u201d<\/p>\n<p style=\"font-weight: 400;\">Direcci\u00f3n de Prensa-Municipalidad de Goya<\/p>\n","protected":false},"excerpt":{"rendered":"<p>Los j\u00f3venes de las comunidades rurales de las Cuasi Parroquia San Pantale\u00f3n y la Parroquia Nuestra Se\u00f1ora de Itat\u00ed, participaran del Campamento Anual organizado por la Federaci\u00f3n que nuclea a los vanguardistas, recordemos que este espacio de camino espiritual ha sido creado por el Misionero Redentorista Padre Federico Grote. Los j\u00f3venes, 50 m\u00e1s 10 asesores [&hellip;]<\/p>\n","protected":false},"author":2,"featured_media":28247,"comment_status":"open","ping_status":"open","sticky":false,"template":"","format":"standard","meta":{"footnotes":""},"categories":[56],"tags":[],"class_list":{"0":"post-28246","1":"post","2":"type-post","3":"status-publish","4":"format-standard","5":"has-post-thumbnail","7":"category-locales"},"_links":{"self":[{"href":"https:\/\/radiobitacora.com.ar\/web\/wp-json\/wp\/v2\/posts\/28246","targetHints":{"allow":["GET"]}}],"collection":[{"href":"https:\/\/radiobitacora.com.ar\/web\/wp-json\/wp\/v2\/posts"}],"about":[{"href":"https:\/\/radiobitacora.com.ar\/web\/wp-json\/wp\/v2\/types\/post"}],"author":[{"embeddable":true,"href":"https:\/\/radiobitacora.com.ar\/web\/wp-json\/wp\/v2\/users\/2"}],"replies":[{"embeddable":true,"href":"https:\/\/radiobitacora.com.ar\/web\/wp-json\/wp\/v2\/comments?post=28246"}],"version-history":[{"count":0,"href":"https:\/\/radiobitacora.com.ar\/web\/wp-json\/wp\/v2\/posts\/28246\/revisions"}],"wp:featuredmedia":[{"embeddable":true,"href":"https:\/\/radiobitacora.com.ar\/web\/wp-json\/wp\/v2\/media\/28247"}],"wp:attachment":[{"href":"https:\/\/radiobitacora.com.ar\/web\/wp-json\/wp\/v2\/media?parent=28246"}],"wp:term":[{"taxonomy":"category","embeddable":true,"href":"https:\/\/radiobitacora.com.ar\/web\/wp-json\/wp\/v2\/categories?post=28246"},{"taxonomy":"post_tag","embeddable":true,"href":"https:\/\/radiobitacora.com.ar\/web\/wp-json\/wp\/v2\/tags?post=28246"}],"curies":[{"name":"wp","href":"https:\/\/api.w.org\/{rel}","templated":true}]}}