{"id":28284,"date":"2025-12-08T19:27:37","date_gmt":"2025-12-08T22:27:37","guid":{"rendered":"https:\/\/radiobitacora.com.ar\/web\/?p=28284"},"modified":"2025-12-08T19:27:37","modified_gmt":"2025-12-08T22:27:37","slug":"el-intendente-mariano-hormaechea-acompano-la-sesion-preparatoria-del-concejo-deliberante","status":"publish","type":"post","link":"https:\/\/radiobitacora.com.ar\/web\/2025\/12\/08\/el-intendente-mariano-hormaechea-acompano-la-sesion-preparatoria-del-concejo-deliberante\/","title":{"rendered":"EL INTENDENTE MARIANO HORMAECHEA ACOMPA\u00d1\u00d3 LA SESI\u00d3N PREPARATORIA DEL CONCEJO DELIBERANTE"},"content":{"rendered":"<p style=\"font-weight: 400;\">En la mencionada sesi\u00f3n, asumieron sus funciones los concejales electos en la pasada elecci\u00f3n del 31 de agosto.<\/p>\n<p style=\"font-weight: 400;\">En el recinto de sesiones qued\u00f3 conformada las autoridades del cuerpo deliberativo local.<\/p>\n<p style=\"font-weight: 400;\">\n<p style=\"font-weight: 400;\">El Intendente Mariano Hormaechea acompa\u00f1o la mencionada ceremonia del HCD, de la misma participaron funcionarios municipales, miembros de las fuerzas de seguridad, prefectura, familiares de los ediles electos que asumieron\u00a0 sus funciones y p\u00fablico en general<\/p>\n<p style=\"font-weight: 400;\">\n<p style=\"font-weight: 400;\">Direcci\u00f3n de Prensa-Municipalidad de Goya<\/p>\n","protected":false},"excerpt":{"rendered":"<p>En la mencionada sesi\u00f3n, asumieron sus funciones los concejales electos en la pasada elecci\u00f3n del 31 de agosto. En el recinto de sesiones qued\u00f3 conformada las autoridades del cuerpo deliberativo local. El Intendente Mariano Hormaechea acompa\u00f1o la mencionada ceremonia del HCD, de la misma participaron funcionarios municipales, miembros de las fuerzas de seguridad, prefectura, familiares [&hellip;]<\/p>\n","protected":false},"author":2,"featured_media":28285,"comment_status":"open","ping_status":"open","sticky":false,"template":"","format":"standard","meta":{"footnotes":""},"categories":[56],"tags":[],"class_list":{"0":"post-28284","1":"post","2":"type-post","3":"status-publish","4":"format-standard","5":"has-post-thumbnail","7":"category-locales"},"_links":{"self":[{"href":"https:\/\/radiobitacora.com.ar\/web\/wp-json\/wp\/v2\/posts\/28284","targetHints":{"allow":["GET"]}}],"collection":[{"href":"https:\/\/radiobitacora.com.ar\/web\/wp-json\/wp\/v2\/posts"}],"about":[{"href":"https:\/\/radiobitacora.com.ar\/web\/wp-json\/wp\/v2\/types\/post"}],"author":[{"embeddable":true,"href":"https:\/\/radiobitacora.com.ar\/web\/wp-json\/wp\/v2\/users\/2"}],"replies":[{"embeddable":true,"href":"https:\/\/radiobitacora.com.ar\/web\/wp-json\/wp\/v2\/comments?post=28284"}],"version-history":[{"count":0,"href":"https:\/\/radiobitacora.com.ar\/web\/wp-json\/wp\/v2\/posts\/28284\/revisions"}],"wp:featuredmedia":[{"embeddable":true,"href":"https:\/\/radiobitacora.com.ar\/web\/wp-json\/wp\/v2\/media\/28285"}],"wp:attachment":[{"href":"https:\/\/radiobitacora.com.ar\/web\/wp-json\/wp\/v2\/media?parent=28284"}],"wp:term":[{"taxonomy":"category","embeddable":true,"href":"https:\/\/radiobitacora.com.ar\/web\/wp-json\/wp\/v2\/categories?post=28284"},{"taxonomy":"post_tag","embeddable":true,"href":"https:\/\/radiobitacora.com.ar\/web\/wp-json\/wp\/v2\/tags?post=28284"}],"curies":[{"name":"wp","href":"https:\/\/api.w.org\/{rel}","templated":true}]}}