{"id":28287,"date":"2025-12-08T19:28:33","date_gmt":"2025-12-08T22:28:33","guid":{"rendered":"https:\/\/radiobitacora.com.ar\/web\/?p=28287"},"modified":"2025-12-08T19:28:33","modified_gmt":"2025-12-08T22:28:33","slug":"la-nueva-terminal-de-goya-avanza-a-ritmo-constante","status":"publish","type":"post","link":"https:\/\/radiobitacora.com.ar\/web\/2025\/12\/08\/la-nueva-terminal-de-goya-avanza-a-ritmo-constante\/","title":{"rendered":"LA NUEVA TERMINAL DE GOYA AVANZA A RITMO CONSTANTE"},"content":{"rendered":"<p style=\"font-weight: 400;\">El secretario de Obras y Servicios P\u00fablicos Guillermo Peluffo destac\u00f3 la inversi\u00f3n municipal y los beneficios para la ciudad. Tambi\u00e9n se refiri\u00f3 a los avances en la construcci\u00f3n de la nueva terminal de Goya. &#8220;Hay que recordar que la terminal se hace con recursos propios del municipio, eso es una inversi\u00f3n y obra muy importante&#8221;, a\u00f1adi\u00f3.<\/p>\n<p style=\"font-weight: 400;\">\n<p style=\"font-weight: 400;\">En una entrevista reciente expres\u00f3: &#8220;La obra ha tomado un buen ritmo en su segunda etapa. Ya completamos el terraplenamiento y la nivelaci\u00f3n del suelo. Ahora estamos en plena construcci\u00f3n de la nave central. Esta obra est\u00e1 siendo llevada a cabo por una empresa privada&#8221;, explic\u00f3.<\/p>\n<p style=\"font-weight: 400;\">\n<p style=\"font-weight: 400;\">Peluffo detall\u00f3 que, a pesar de algunos contratiempos iniciales debido a las lluvias, se est\u00e1 avanzando seg\u00fan lo previsto. &#8220;Justo cuando se hicieron los pozos para la fundaci\u00f3n, llovi\u00f3, se llenaron de agua y se tuvo que desaguar. No se puede tirar cemento, tiene que estar la superficie seca. Pero luego, terminados los pasos t\u00e9cnicos, se avanza al ritmo normal de obra&#8221;, coment\u00f3.<\/p>\n<p style=\"font-weight: 400;\">\n<p style=\"font-weight: 400;\">&#8220;Es f\u00e1cil apreciar la estructura que va tomando forma al pasar por la avenida Neustadt. En poco tiempo veremos el techo de la nave central. Ya contamos con el presupuesto aprobado para el pr\u00f3ximo a\u00f1o, lo que nos permitir\u00e1 continuar con esta importante inversi\u00f3n municipal&#8221;, se\u00f1al\u00f3.<\/p>\n<p style=\"font-weight: 400;\">\n<p style=\"font-weight: 400;\">\n<p style=\"font-weight: 400;\">Direcci\u00f3n de Prensa-Municipalidad de Goya<\/p>\n<p style=\"font-weight: 400;\">\n","protected":false},"excerpt":{"rendered":"<p>El secretario de Obras y Servicios P\u00fablicos Guillermo Peluffo destac\u00f3 la inversi\u00f3n municipal y los beneficios para la ciudad. Tambi\u00e9n se refiri\u00f3 a los avances en la construcci\u00f3n de la nueva terminal de Goya. &#8220;Hay que recordar que la terminal se hace con recursos propios del municipio, eso es una inversi\u00f3n y obra muy importante&#8221;, [&hellip;]<\/p>\n","protected":false},"author":2,"featured_media":28288,"comment_status":"open","ping_status":"open","sticky":false,"template":"","format":"standard","meta":{"footnotes":""},"categories":[56],"tags":[],"class_list":{"0":"post-28287","1":"post","2":"type-post","3":"status-publish","4":"format-standard","5":"has-post-thumbnail","7":"category-locales"},"_links":{"self":[{"href":"https:\/\/radiobitacora.com.ar\/web\/wp-json\/wp\/v2\/posts\/28287","targetHints":{"allow":["GET"]}}],"collection":[{"href":"https:\/\/radiobitacora.com.ar\/web\/wp-json\/wp\/v2\/posts"}],"about":[{"href":"https:\/\/radiobitacora.com.ar\/web\/wp-json\/wp\/v2\/types\/post"}],"author":[{"embeddable":true,"href":"https:\/\/radiobitacora.com.ar\/web\/wp-json\/wp\/v2\/users\/2"}],"replies":[{"embeddable":true,"href":"https:\/\/radiobitacora.com.ar\/web\/wp-json\/wp\/v2\/comments?post=28287"}],"version-history":[{"count":0,"href":"https:\/\/radiobitacora.com.ar\/web\/wp-json\/wp\/v2\/posts\/28287\/revisions"}],"wp:featuredmedia":[{"embeddable":true,"href":"https:\/\/radiobitacora.com.ar\/web\/wp-json\/wp\/v2\/media\/28288"}],"wp:attachment":[{"href":"https:\/\/radiobitacora.com.ar\/web\/wp-json\/wp\/v2\/media?parent=28287"}],"wp:term":[{"taxonomy":"category","embeddable":true,"href":"https:\/\/radiobitacora.com.ar\/web\/wp-json\/wp\/v2\/categories?post=28287"},{"taxonomy":"post_tag","embeddable":true,"href":"https:\/\/radiobitacora.com.ar\/web\/wp-json\/wp\/v2\/tags?post=28287"}],"curies":[{"name":"wp","href":"https:\/\/api.w.org\/{rel}","templated":true}]}}