{"id":28290,"date":"2025-12-08T19:31:59","date_gmt":"2025-12-08T22:31:59","guid":{"rendered":"https:\/\/radiobitacora.com.ar\/web\/?p=28290"},"modified":"2025-12-08T19:32:18","modified_gmt":"2025-12-08T22:32:18","slug":"salud-publica-refuerzos-vacunacion","status":"publish","type":"post","link":"https:\/\/radiobitacora.com.ar\/web\/2025\/12\/08\/salud-publica-refuerzos-vacunacion\/","title":{"rendered":"SALUD P\u00daBLICA REFUERZOS VACUNACI\u00d3N"},"content":{"rendered":"<p style=\"font-weight: 400;\">El Subsecretario de Salud de la Municipalidad de Goya, Dr. Emilio Mart\u00ednez recomienda completar esquemas de vacunaci\u00f3n de calendario, el examen m\u00e9dico para el ingreso escolar, el cuidado de las mujeres embarazadas, control de gestaci\u00f3n y del ni\u00f1o sano.<\/p>\n<p style=\"font-weight: 400;\">En contacto con Radio Ciudad, el responsable de la Atenci\u00f3n Primaria de la Salud Municipal detall\u00f3 que la sala cabecera, los CIC y las SAP de los barrios cuentan con los recursos t\u00e9cnicos y profesionales para los mencionados controles.<\/p>\n<p style=\"font-weight: 400;\">CONTROL DEL NI\u00d1O SANO, MUJERES EMBARAZADAS Y VACUNACI\u00d3N<\/p>\n<p style=\"font-weight: 400;\">El Dr. Emilio Mart\u00ednez, en la entrevista mantenida en el Programa \u201cCaminos para Aprender\u201d en Radio Ciudad, explic\u00f3: \u201cEl control de ni\u00f1o sano debe los padres llevarlo de manera peri\u00f3dica al pediatra o a las Salas de Atenci\u00f3n Primaria de la Salud situadas en los barrios, es necesario inclusive la certificaci\u00f3n para el ni\u00f1o donde como m\u00e9dicos tenemos la responsabilidad de hacer el examen, el control respectivo, como padres tenemos que diligenciar estos controles, perdernos el tiempo necesario, para hacer ese control.\u201d<\/p>\n<p style=\"font-weight: 400;\">\u201cA las mujeres embarazadas, se aconseja hacer ese control durante los meses de gestaci\u00f3n, -alent\u00f3- en ese sentido hoy la Salud P\u00fablica garantiza ese servicio de salud\u201d<\/p>\n<p style=\"font-weight: 400;\">Consultado sobre las vacunas de calendario, se\u00f1al\u00f3: \u201cOtro de los aspectos a reforzar es cumplir con el esquema de vacunaci\u00f3n de calendario, porque esto contribuye a este objetivo de ni\u00f1o sano, nuestras salas municipales, provinciales est\u00e1n adecuadas, equipadas con los aparatos y recursos humanos para dar esa cobertura.\u201d<\/p>\n<p style=\"font-weight: 400;\">CONTACTO CON EL \u00c1MBITO ESCOLAR<\/p>\n<p style=\"font-weight: 400;\">El funcionario de la salud municipal, ilustr\u00f3: \u201cNosotros buscamos reforzar este sistema, tomando contacto con el primer eslab\u00f3n de escucha y de observaci\u00f3n de la realidad, las escuelas, en nuestros operativos de asistencia sanitaria en la zona rural hacemos hincapi\u00e9 en ese concepto, cuando desplegamos esos dispositivos, para alentar a los ni\u00f1os, a sus familias en el cumplimiento de ese calendario de vacunaci\u00f3n.\u201d<\/p>\n<p style=\"font-weight: 400;\">OBJETIVO DE LA ATENCI\u00d3N PRIMARIA DE LA SALUD<\/p>\n<p style=\"font-weight: 400;\">Finalmente el Dr. Emilio Mart\u00ednez, ratific\u00f3 el compromiso, la decisi\u00f3n y el objetivo de la Salud Primaria: \u201cNosotros tenemos claro que el principal prop\u00f3sito es atender a la poblaci\u00f3n vulnerable en la cuesti\u00f3n de la seguridad social y econ\u00f3mica, por eso aseguramos y garantizamos el equipamiento, y los profesionales para responder a esas necesidades, fortaleciendo la salud p\u00fablica, esta es una decisi\u00f3n pol\u00edtica del estado municipal, hemos fortalecido la salud mental, emocional seguiremos apostando a estos lineamientos para garantizar la calidad de la salud p\u00fablica.<\/p>\n<p style=\"font-weight: 400;\">Direcci\u00f3n de Prensa<\/p>\n","protected":false},"excerpt":{"rendered":"<p>El Subsecretario de Salud de la Municipalidad de Goya, Dr. Emilio Mart\u00ednez recomienda completar esquemas de vacunaci\u00f3n de calendario, el examen m\u00e9dico para el ingreso escolar, el cuidado de las mujeres embarazadas, control de gestaci\u00f3n y del ni\u00f1o sano. En contacto con Radio Ciudad, el responsable de la Atenci\u00f3n Primaria de la Salud Municipal detall\u00f3 [&hellip;]<\/p>\n","protected":false},"author":2,"featured_media":28291,"comment_status":"open","ping_status":"open","sticky":false,"template":"","format":"standard","meta":{"footnotes":""},"categories":[56,1],"tags":[],"class_list":{"0":"post-28290","1":"post","2":"type-post","3":"status-publish","4":"format-standard","5":"has-post-thumbnail","7":"category-locales","8":"category-sin-categoria"},"_links":{"self":[{"href":"https:\/\/radiobitacora.com.ar\/web\/wp-json\/wp\/v2\/posts\/28290","targetHints":{"allow":["GET"]}}],"collection":[{"href":"https:\/\/radiobitacora.com.ar\/web\/wp-json\/wp\/v2\/posts"}],"about":[{"href":"https:\/\/radiobitacora.com.ar\/web\/wp-json\/wp\/v2\/types\/post"}],"author":[{"embeddable":true,"href":"https:\/\/radiobitacora.com.ar\/web\/wp-json\/wp\/v2\/users\/2"}],"replies":[{"embeddable":true,"href":"https:\/\/radiobitacora.com.ar\/web\/wp-json\/wp\/v2\/comments?post=28290"}],"version-history":[{"count":0,"href":"https:\/\/radiobitacora.com.ar\/web\/wp-json\/wp\/v2\/posts\/28290\/revisions"}],"wp:featuredmedia":[{"embeddable":true,"href":"https:\/\/radiobitacora.com.ar\/web\/wp-json\/wp\/v2\/media\/28291"}],"wp:attachment":[{"href":"https:\/\/radiobitacora.com.ar\/web\/wp-json\/wp\/v2\/media?parent=28290"}],"wp:term":[{"taxonomy":"category","embeddable":true,"href":"https:\/\/radiobitacora.com.ar\/web\/wp-json\/wp\/v2\/categories?post=28290"},{"taxonomy":"post_tag","embeddable":true,"href":"https:\/\/radiobitacora.com.ar\/web\/wp-json\/wp\/v2\/tags?post=28290"}],"curies":[{"name":"wp","href":"https:\/\/api.w.org\/{rel}","templated":true}]}}