{"id":28329,"date":"2025-12-10T08:55:51","date_gmt":"2025-12-10T11:55:51","guid":{"rendered":"https:\/\/radiobitacora.com.ar\/web\/?p=28329"},"modified":"2025-12-10T08:56:00","modified_gmt":"2025-12-10T11:56:00","slug":"acto-de-asuncion-de-autoridades-y-funcionarios-municipales","status":"publish","type":"post","link":"https:\/\/radiobitacora.com.ar\/web\/2025\/12\/10\/acto-de-asuncion-de-autoridades-y-funcionarios-municipales\/","title":{"rendered":"ACTO DE ASUNCI\u00d3N DE AUTORIDADES Y FUNCIONARIOS MUNICIPALES"},"content":{"rendered":"<p style=\"font-weight: 400;\">El intendente y viceintendente consagrados en las elecciones del pasado 31 de agosto, as\u00ed como el gabinete que acompa\u00f1ar\u00e1 la gesti\u00f3n por el periodo 2025-2029, prestaron juramento en un acto protocolar realizado en la plaza Mitre, este martes 9 de diciembre desde las 20 horas.<\/p>\n<p style=\"font-weight: 400;\">El mismo inici\u00f3 con la sesi\u00f3n especial del Honorable Concejo Deliberante donde jur\u00f3 el intendente municipal Dr. Mariano Hormaechea.<\/p>\n<p style=\"font-weight: 400;\">A su momento y de acuerdo a lo establecido en el art\u00edculo 78 inc. 5 de la Carta Org\u00e1nica Municipal, fue el intendente quien tom\u00f3 juramento al viceintendente contador Sebasti\u00e1n Mazzaro.<\/p>\n<p style=\"font-weight: 400;\">Por \u00faltimo, el Dr. Mariano Hormaechea, intendente reelecto, protagoniz\u00f3 el acto de toma de juramento a secretarios\/as y subsecretarios\/as que pasan a conformar el gabinete municipal. A saber:<\/p>\n<p style=\"font-weight: 400;\">Secretario de Gobierno: Dr. Pablo Fern\u00e1ndez Spessot<\/p>\n<p style=\"font-weight: 400;\">Secretaria de Educaci\u00f3n: Dra. Sonia Isabel Espina<\/p>\n<p style=\"font-weight: 400;\">Secretario de Hacienda y Econom\u00eda: Contador P\u00fablico Nacional Gonzalo M\u00e9ndez Vidal<\/p>\n<p style=\"font-weight: 400;\">Secretaria de Industria y Comercio: Lic. Mar\u00eda Paz Lampugnani<\/p>\n<p style=\"font-weight: 400;\">Secretario de Turismo: T\u00e9cnico en Turismo Sebasti\u00e1n Candia De Biassio<\/p>\n<p style=\"font-weight: 400;\">Secretario de Desarrollo Humano y Promoci\u00f3n Social: Se\u00f1or Julio Rolando Canteros<\/p>\n<p style=\"font-weight: 400;\">Secretario de Obras y Servicios P\u00fablicos: Maestro Mayor de Obras Guillermo Peluffo<\/p>\n<p style=\"font-weight: 400;\">Secretario de Producci\u00f3n: Dr. Valerio Ram\u00edrez<\/p>\n<p style=\"font-weight: 400;\">Secretario de Modernizaci\u00f3n e Innovaci\u00f3n y Desarrollo Tecnol\u00f3gico: Contador P\u00fablico Nacional Andr\u00e9s Zajarevich<\/p>\n<p style=\"font-weight: 400;\">Subsecretaria de Econom\u00eda: Lic. Ludmila Vargas Viola<\/p>\n<p style=\"font-weight: 400;\">Subsecretario de Atenci\u00f3n Primaria de la Salud: Dr. Emilio Manuel Mart\u00ednez<\/p>\n<p style=\"font-weight: 400;\">Subsecretar\u00eda de Ingresos P\u00fablicos: Contadora Gabriela L\u00f3pez<\/p>\n<p style=\"font-weight: 400;\">Subsecretar\u00eda de Planeamiento: Arq. Luisina Leyes<\/p>\n<p style=\"font-weight: 400;\">En consonancia con lo expresado por el sacerdote Ariel Gim\u00e9nez durante la invocaci\u00f3n religiosa, Hormaechea afirm\u00f3 que \u201cel poder no es para mandar, es para servir\u201d; consolidando una forma de hacer pol\u00edtica que responde al inter\u00e9s colectivo, que se arremanga y no se victimiza, enfatiz\u00f3.<\/p>\n<p style=\"font-weight: 400;\">Direcci\u00f3n de Prensa \u2013 Municipalidad de Goya<\/p>\n","protected":false},"excerpt":{"rendered":"<p>El intendente y viceintendente consagrados en las elecciones del pasado 31 de agosto, as\u00ed como el gabinete que acompa\u00f1ar\u00e1 la gesti\u00f3n por el periodo 2025-2029, prestaron juramento en un acto protocolar realizado en la plaza Mitre, este martes 9 de diciembre desde las 20 horas. El mismo inici\u00f3 con la sesi\u00f3n especial del Honorable Concejo [&hellip;]<\/p>\n","protected":false},"author":2,"featured_media":28330,"comment_status":"open","ping_status":"open","sticky":false,"template":"","format":"standard","meta":{"footnotes":""},"categories":[56],"tags":[],"class_list":{"0":"post-28329","1":"post","2":"type-post","3":"status-publish","4":"format-standard","5":"has-post-thumbnail","7":"category-locales"},"_links":{"self":[{"href":"https:\/\/radiobitacora.com.ar\/web\/wp-json\/wp\/v2\/posts\/28329","targetHints":{"allow":["GET"]}}],"collection":[{"href":"https:\/\/radiobitacora.com.ar\/web\/wp-json\/wp\/v2\/posts"}],"about":[{"href":"https:\/\/radiobitacora.com.ar\/web\/wp-json\/wp\/v2\/types\/post"}],"author":[{"embeddable":true,"href":"https:\/\/radiobitacora.com.ar\/web\/wp-json\/wp\/v2\/users\/2"}],"replies":[{"embeddable":true,"href":"https:\/\/radiobitacora.com.ar\/web\/wp-json\/wp\/v2\/comments?post=28329"}],"version-history":[{"count":0,"href":"https:\/\/radiobitacora.com.ar\/web\/wp-json\/wp\/v2\/posts\/28329\/revisions"}],"wp:featuredmedia":[{"embeddable":true,"href":"https:\/\/radiobitacora.com.ar\/web\/wp-json\/wp\/v2\/media\/28330"}],"wp:attachment":[{"href":"https:\/\/radiobitacora.com.ar\/web\/wp-json\/wp\/v2\/media?parent=28329"}],"wp:term":[{"taxonomy":"category","embeddable":true,"href":"https:\/\/radiobitacora.com.ar\/web\/wp-json\/wp\/v2\/categories?post=28329"},{"taxonomy":"post_tag","embeddable":true,"href":"https:\/\/radiobitacora.com.ar\/web\/wp-json\/wp\/v2\/tags?post=28329"}],"curies":[{"name":"wp","href":"https:\/\/api.w.org\/{rel}","templated":true}]}}