{"id":28387,"date":"2025-12-13T20:28:50","date_gmt":"2025-12-13T23:28:50","guid":{"rendered":"https:\/\/radiobitacora.com.ar\/web\/?p=28387"},"modified":"2025-12-13T20:29:26","modified_gmt":"2025-12-13T23:29:26","slug":"este-lunes-15-de-diciembre-la-municipalidad-de-goya-abonara-el-plus-de-42-000","status":"publish","type":"post","link":"https:\/\/radiobitacora.com.ar\/web\/2025\/12\/13\/este-lunes-15-de-diciembre-la-municipalidad-de-goya-abonara-el-plus-de-42-000\/","title":{"rendered":"ESTE LUNES 15 DE DICIEMBRE, LA MUNICIPALIDAD DE GOYA ABONAR\u00c1 EL PLUS DE $42.000"},"content":{"rendered":"<p style=\"font-weight: 400;\">El intendente municipal de Goya, doctor Mariano Hormaechea anunci\u00f3 que se acreditar\u00e1 el plus de 42.000 pesos al personal de planta permanente y contratados del municipio este pr\u00f3ximo lunes 15 de diciembre y se ver\u00e1n reflejados en los medios habituales de pago.<\/p>\n<p style=\"font-weight: 400;\">En su mensaje, el jefe comunal Hormaechea expres\u00f3: \u201cComunicamos que el lunes 15 de diciembre se abonar\u00e1 el plus de $42.000 al personal de Planta Permanente y Contratados dependientes del Municipio de Goya, por los medios habituales de pago. #GoyaHaciaAdelante\u201d<\/p>\n<p style=\"font-weight: 400;\">Direcci\u00f3n de Prensa \u2013 Municipalidad de Goya.<\/p>\n","protected":false},"excerpt":{"rendered":"<p>El intendente municipal de Goya, doctor Mariano Hormaechea anunci\u00f3 que se acreditar\u00e1 el plus de 42.000 pesos al personal de planta permanente y contratados del municipio este pr\u00f3ximo lunes 15 de diciembre y se ver\u00e1n reflejados en los medios habituales de pago. En su mensaje, el jefe comunal Hormaechea expres\u00f3: \u201cComunicamos que el lunes 15 [&hellip;]<\/p>\n","protected":false},"author":2,"featured_media":28388,"comment_status":"open","ping_status":"open","sticky":false,"template":"","format":"standard","meta":{"footnotes":""},"categories":[56],"tags":[],"class_list":{"0":"post-28387","1":"post","2":"type-post","3":"status-publish","4":"format-standard","5":"has-post-thumbnail","7":"category-locales"},"_links":{"self":[{"href":"https:\/\/radiobitacora.com.ar\/web\/wp-json\/wp\/v2\/posts\/28387","targetHints":{"allow":["GET"]}}],"collection":[{"href":"https:\/\/radiobitacora.com.ar\/web\/wp-json\/wp\/v2\/posts"}],"about":[{"href":"https:\/\/radiobitacora.com.ar\/web\/wp-json\/wp\/v2\/types\/post"}],"author":[{"embeddable":true,"href":"https:\/\/radiobitacora.com.ar\/web\/wp-json\/wp\/v2\/users\/2"}],"replies":[{"embeddable":true,"href":"https:\/\/radiobitacora.com.ar\/web\/wp-json\/wp\/v2\/comments?post=28387"}],"version-history":[{"count":0,"href":"https:\/\/radiobitacora.com.ar\/web\/wp-json\/wp\/v2\/posts\/28387\/revisions"}],"wp:featuredmedia":[{"embeddable":true,"href":"https:\/\/radiobitacora.com.ar\/web\/wp-json\/wp\/v2\/media\/28388"}],"wp:attachment":[{"href":"https:\/\/radiobitacora.com.ar\/web\/wp-json\/wp\/v2\/media?parent=28387"}],"wp:term":[{"taxonomy":"category","embeddable":true,"href":"https:\/\/radiobitacora.com.ar\/web\/wp-json\/wp\/v2\/categories?post=28387"},{"taxonomy":"post_tag","embeddable":true,"href":"https:\/\/radiobitacora.com.ar\/web\/wp-json\/wp\/v2\/tags?post=28387"}],"curies":[{"name":"wp","href":"https:\/\/api.w.org\/{rel}","templated":true}]}}