{"id":28394,"date":"2025-12-13T20:36:36","date_gmt":"2025-12-13T23:36:36","guid":{"rendered":"https:\/\/radiobitacora.com.ar\/web\/?p=28394"},"modified":"2025-12-13T20:36:36","modified_gmt":"2025-12-13T23:36:36","slug":"la-comisaria-primera-con-espiritu-navideno","status":"publish","type":"post","link":"https:\/\/radiobitacora.com.ar\/web\/2025\/12\/13\/la-comisaria-primera-con-espiritu-navideno\/","title":{"rendered":"\u00a0LA COMISAR\u00cdA PRIMERA CON ESP\u00cdRITU NAVIDE\u00d1O"},"content":{"rendered":"<p style=\"font-weight: 400;\">\n<p style=\"font-weight: 400;\">La Comisar\u00eda Primera de Goya llev\u00f3 adelante una iniciativa solidaria que volvi\u00f3 a mostrar el fuerte v\u00ednculo de la polic\u00eda con la comunidad. En los \u00faltimos d\u00edas, el personal de la dependencia realiz\u00f3 una colecta interna de juguetes, que luego fueron entregados al Hospital Pedi\u00e1trico y al Hogar de Ni\u00f1os de la ciudad.<\/p>\n<p style=\"font-weight: 400;\">La entrega tuvo un condimento especial: un efectivo policial se present\u00f3 caracterizado como Pap\u00e1 Noel, generando un momento de alegr\u00eda para los chicos internados y para quienes viven en la instituci\u00f3n. Hubo sonrisas, fotos y una c\u00e1lida recepci\u00f3n por parte de las familias y del personal de ambos lugares.<\/p>\n<p style=\"font-weight: 400;\">Desde la fuerza se\u00f1alaron que este tipo de acciones buscan fortalecer la cercan\u00eda con la sociedad, acompa\u00f1ando a las familias y promoviendo el esp\u00edritu navide\u00f1o en fechas tan significativas. La Comisar\u00eda Primera agradeci\u00f3 el compromiso de todo su personal, cuya colaboraci\u00f3n hizo posible esta actividad solidaria.<\/p>\n<p style=\"font-weight: 400;\">Direcci\u00f3n de Prensa-Municipalidad de Goya<\/p>\n","protected":false},"excerpt":{"rendered":"<p>La Comisar\u00eda Primera de Goya llev\u00f3 adelante una iniciativa solidaria que volvi\u00f3 a mostrar el fuerte v\u00ednculo de la polic\u00eda con la comunidad. En los \u00faltimos d\u00edas, el personal de la dependencia realiz\u00f3 una colecta interna de juguetes, que luego fueron entregados al Hospital Pedi\u00e1trico y al Hogar de Ni\u00f1os de la ciudad. La entrega [&hellip;]<\/p>\n","protected":false},"author":2,"featured_media":28395,"comment_status":"open","ping_status":"open","sticky":false,"template":"","format":"standard","meta":{"footnotes":""},"categories":[56],"tags":[],"class_list":{"0":"post-28394","1":"post","2":"type-post","3":"status-publish","4":"format-standard","5":"has-post-thumbnail","7":"category-locales"},"_links":{"self":[{"href":"https:\/\/radiobitacora.com.ar\/web\/wp-json\/wp\/v2\/posts\/28394","targetHints":{"allow":["GET"]}}],"collection":[{"href":"https:\/\/radiobitacora.com.ar\/web\/wp-json\/wp\/v2\/posts"}],"about":[{"href":"https:\/\/radiobitacora.com.ar\/web\/wp-json\/wp\/v2\/types\/post"}],"author":[{"embeddable":true,"href":"https:\/\/radiobitacora.com.ar\/web\/wp-json\/wp\/v2\/users\/2"}],"replies":[{"embeddable":true,"href":"https:\/\/radiobitacora.com.ar\/web\/wp-json\/wp\/v2\/comments?post=28394"}],"version-history":[{"count":0,"href":"https:\/\/radiobitacora.com.ar\/web\/wp-json\/wp\/v2\/posts\/28394\/revisions"}],"wp:featuredmedia":[{"embeddable":true,"href":"https:\/\/radiobitacora.com.ar\/web\/wp-json\/wp\/v2\/media\/28395"}],"wp:attachment":[{"href":"https:\/\/radiobitacora.com.ar\/web\/wp-json\/wp\/v2\/media?parent=28394"}],"wp:term":[{"taxonomy":"category","embeddable":true,"href":"https:\/\/radiobitacora.com.ar\/web\/wp-json\/wp\/v2\/categories?post=28394"},{"taxonomy":"post_tag","embeddable":true,"href":"https:\/\/radiobitacora.com.ar\/web\/wp-json\/wp\/v2\/tags?post=28394"}],"curies":[{"name":"wp","href":"https:\/\/api.w.org\/{rel}","templated":true}]}}