{"id":28401,"date":"2025-12-13T20:39:47","date_gmt":"2025-12-13T23:39:47","guid":{"rendered":"https:\/\/radiobitacora.com.ar\/web\/?p=28401"},"modified":"2025-12-13T20:42:13","modified_gmt":"2025-12-13T23:42:13","slug":"acto-de-asuncion-en-la-legislatura-provincial-del-gobernador-juan-pablo-valdes","status":"publish","type":"post","link":"https:\/\/radiobitacora.com.ar\/web\/2025\/12\/13\/acto-de-asuncion-en-la-legislatura-provincial-del-gobernador-juan-pablo-valdes\/","title":{"rendered":"ACTO DE ASUNCI\u00d3N EN LA LEGISLATURA PROVINCIAL DEL GOBERNADOR JUAN PABLO VALDES"},"content":{"rendered":"<p style=\"font-weight: 400;\">En el acto por el cual prest\u00f3 juramento como mandatario provincial Juan Pablo Vald\u00e9s, agradeci\u00f3 la presencia de funcionarios, provinciales, legisladores, representantes de organizaciones civiles, sociales, intendentes de localidades correntinas, de su familia y a todos los correntinos.<\/p>\n<p style=\"font-weight: 400;\">En el discurso ante la Legislatura, el gobernador de la provincia enumer\u00f3 los ejes fundamentales para la gesti\u00f3n provincial, indicando que la capacidad de trabajo de los miembros de su gabinete ser\u00e1 de \u201c24 horas, los 365 d\u00edas del a\u00f1o, durante toda la gesti\u00f3n\u201d.<\/p>\n<p style=\"font-weight: 400;\">DISCURSO DEL GOBERNADOR<\/p>\n<p style=\"font-weight: 400;\">Quiero empezar agradeci\u00e9ndoles a los se\u00f1ores legisladores por recibirme en su casa para esta ceremonia de jura ante la Honorable Legislatura, espero este sea el primer paso de una relaci\u00f3n fruct\u00edfera para los destinos de nuestra provincia.<\/p>\n<p style=\"font-weight: 400;\">Corrientes tiene por delante un futuro promisorio y hacerlo realidad depende en gran medida de nosotros mismos.<\/p>\n<p style=\"font-weight: 400;\">Tenemos sectores productivos pujantes, recursos y maravillas naturales, tenemos finanzas ordenadas, paz social y lo m\u00e1s importante: tenemos la calidad humana de nuestra gente.<\/p>\n<p style=\"font-weight: 400;\">Seguir adelante con la transformaci\u00f3n de la provincia es una tarea que vamos a continuar haciendo juntos, porque la uni\u00f3n nos dar\u00e1 la fuerza para encarar los desaf\u00edos que tenemos por delante.<\/p>\n<p style=\"font-weight: 400;\">Quiero ratificar que nuestra hoja de ruta ser\u00e1 el Plan Estrat\u00e9gico Corrientes 2030, donde los pilares de Modernizaci\u00f3n, Desarrollo e Inclusi\u00f3n nos seguir\u00e1n marcando el camino.<\/p>\n<p style=\"font-weight: 400;\">Modernizaci\u00f3n, porque vivimos en un mundo en constante evoluci\u00f3n y Corrientes tiene que acompa\u00f1ar esa evoluci\u00f3n incorporando todo aquello que permita que los correntinos vivamos cada d\u00eda mejor.<\/p>\n<p style=\"font-weight: 400;\">Desarrollo, porque el futuro nos exige una infraestructura acorde a los objetivos que nos fijamos: rutas para movernos seguros, energ\u00eda suficiente para la vida y el desarrollo industrial, puertos para vincularnos con el mundo, fibra \u00f3ptica de alta velocidad para estudiar y\u00a0trabajar y parques industriales para trabajar con los est\u00e1ndares de calidad y seguridad requeridos hoy.<\/p>\n<p style=\"font-weight: 400;\">Inclusi\u00f3n, porque somos un mill\u00f3n doscientos mil correntinos que hacemos el esfuerzo de sacar a la provincia adelante todos los d\u00edas, pero tambi\u00e9n tenemos que ser un mill\u00f3n doscientos mil correntinos los que podamos acceder a servicios de salud y educaci\u00f3n de calidad.<\/p>\n<p style=\"font-weight: 400;\">En este sentido, vamos a desarrollar la implementaci\u00f3n del plan en una etapa signada por cinco ejes, que resumen mi visi\u00f3n de los d\u00edas que vienen para los hogares correntinos:<\/p>\n<p style=\"font-weight: 400;\">El primer eje, ser\u00e1 el objetivo principal de la gesti\u00f3n que iniciamos hoy:<\/p>\n<p style=\"font-weight: 400;\">generar m\u00e1s empleo, para as\u00ed lograr el desarrollo sostenido de cada uno de los hogares correntinos.<\/p>\n<p style=\"font-weight: 400;\">Para ello, vamos a apoyar al sector privado para que invierta y genere puestos de trabajo; vamos a plantear la formaci\u00f3n para el empleo en nuestros j\u00f3venes y la reinserci\u00f3n de los mayores de 45 a\u00f1os, para alinear el talento correntino a las necesidades del mercado laboral actual.<\/p>\n<p style=\"font-weight: 400;\">El segundo eje ser\u00e1 la modernizaci\u00f3n del Estado provincial.<\/p>\n<p style=\"font-weight: 400;\">Queremos un Estado que escuche, resuelva y est\u00e9 presente, sin burocracia ni distancias, en el celular de cada correntino que as\u00ed lo necesite. Para que con un clic se acaben los tr\u00e1mites presenciales, los traslados costosos y la p\u00e9rdida de tiempo.<\/p>\n<p style=\"font-weight: 400;\">El tercer eje ser\u00e1 la transformaci\u00f3n digital de la Educaci\u00f3n, la Salud y la Seguridad.<\/p>\n<p style=\"font-weight: 400;\">Vamos a incorporar el uso de la tecnolog\u00eda, porque necesitamos formar a nuestros j\u00f3venes en los desaf\u00edos que este nuevo mundo transformado por la Inteligencia Artificial nos presenta.<\/p>\n<p style=\"font-weight: 400;\">Tambi\u00e9n debemos sumar la Telemedicina, porque debemos cuidar a los correntinos con acceso a especialistas y un servicio de salud de calidad, vivan donde vivan.<\/p>\n<p style=\"font-weight: 400;\">Y trabajar en incorporar tecnolog\u00eda para poder combatir el delito y obviamente, al narcomenudeo.<\/p>\n<p style=\"font-weight: 400;\">El cuarto eje tiene que ver con el trabajo que vamos a seguir haciendo con los intendentes y que tiene que ver con el desarrollo de un plan de Obras de Cercan\u00eda, que nos permita tener m\u00e1s asfalto, iluminaci\u00f3n LED, parques y plazas equipadas. Queremos facilitar la vida en cada uno de nuestros parajes, pueblos y ciudades.<\/p>\n<p style=\"font-weight: 400;\">El quinto eje es consecuencia de lo que venimos planteando: Seremos una gesti\u00f3n centrada en las personas. Apoyando a quienes m\u00e1s lo necesitan y facilitando las cosas a aquellos que cuenten con m\u00e1s herramientas y recursos.<\/p>\n<p style=\"font-weight: 400;\">Una gesti\u00f3n que genere oportunidades junto al sector privado y a las universidades, que acompa\u00f1e a los emprendedores, que no ponga trabas a quienes generan trabajo, que haga las cosas m\u00e1s simples y f\u00e1ciles para que cada correntino pueda crecer y desarrollarse ac\u00e1, en su tierra.<\/p>\n<p style=\"font-weight: 400;\">Todo este trabajo lo vamos a poder llevar adelante porque partimos de una base s\u00f3lida que nos dej\u00f3 la gesti\u00f3n del gobernador saliente Gustavo Vald\u00e9s.<\/p>\n<p style=\"font-weight: 400;\">Su gran trabajo estos a\u00f1os nos deja las finanzas ordenadas, obras de infraestructura fundamentales, crecimiento del empleo privado, mejora en las evaluaciones de calidad educativa, en resumen: Gustavo deja la vara muy alta, y trabajaremos para seguir por esa senda de desarrollo y transformaci\u00f3n, siempre con orden.<\/p>\n<p style=\"font-weight: 400;\">Para ello, seguiremos adelante con el manejo responsable de las finanzas.<\/p>\n<p style=\"font-weight: 400;\">Vamos a cuidar el dinero de todos los correntinos. Con buena administraci\u00f3n, sin endeudarnos y con equilibrio fiscal. Cuidando el poder adquisitivo del salario y pagando sueldos y jubilaciones, siempre en fecha.<\/p>\n<p style=\"font-weight: 400;\">Dije en la campa\u00f1a que tenemos propuestas, que son estas que estoy describiendo. Que tenemos experiencia y es la que adquir\u00ed en estos a\u00f1os al frente de la Municipalidad de Ituzaing\u00f3. Y que tenemos equipo: por eso voy a apelar a la experiencia del equipo que acompa\u00f1\u00f3 a Gustavo en estos a\u00f1os y tambi\u00e9n de algunos Intendentes que terminan sus mandatos.<\/p>\n<p style=\"font-weight: 400;\">Porque este ser\u00e1 un gobierno de fuerte impronta municipalista. Yo vengo de ser intendente, s\u00e9 que los intendentes est\u00e1n cerca de los problemas de la gente, que saben lo que sus ciudades y su gente necesitan, por eso van a ser parte de la gesti\u00f3n y voy a estar en contacto con todos, sin distinciones de partidos pol\u00edticos.<\/p>\n<p style=\"font-weight: 400;\">Para terminar, quiero agradecer a mi familia por todo el apoyo recibido, a mi partido pol\u00edtico y a la alianza que me llev\u00f3 a este cargo. Tambi\u00e9n a todos los correntinos que me brindaron su apoyo y confianza, y a los que no, voy a trabajar para ganarla.<\/p>\n<p style=\"font-weight: 400;\">Y tambi\u00e9n quiero agradecer muy especialmente al Doctor Gustavo Vald\u00e9s por haber depositado su confianza en m\u00ed para continuar con la transformaci\u00f3n de esta provincia, que \u00e9l comenz\u00f3 hace 8 a\u00f1os. Tu legado ser\u00e1 el norte de esta gesti\u00f3n.<\/p>\n<p style=\"font-weight: 400;\">Por \u00faltimo, quiero pedirles a todos los funcionarios que van a formar parte del gobierno su compromiso, que ser\u00e1 las 24 horas del d\u00eda, los 365 d\u00edas del a\u00f1o, durante toda la gesti\u00f3n.<\/p>\n<p style=\"font-weight: 400;\">Como dije, voy a solicitar el acompa\u00f1amiento de este cuerpo y de todo el pueblo de Corrientes, porque no se trata de apoyar una gesti\u00f3n, se trata de construir el futuro entre todos.<\/p>\n<p style=\"font-weight: 400;\">Porque tenemos futuro, y comienza hoy.<\/p>\n<p style=\"font-weight: 400;\">Muchas gracias.<\/p>\n<p style=\"font-weight: 400;\">\u00a0Direcci\u00f3n de Prensa-Municipalidad de Goya<\/p>\n","protected":false},"excerpt":{"rendered":"<p>En el acto por el cual prest\u00f3 juramento como mandatario provincial Juan Pablo Vald\u00e9s, agradeci\u00f3 la presencia de funcionarios, provinciales, legisladores, representantes de organizaciones civiles, sociales, intendentes de localidades correntinas, de su familia y a todos los correntinos. En el discurso ante la Legislatura, el gobernador de la provincia enumer\u00f3 los ejes fundamentales para la [&hellip;]<\/p>\n","protected":false},"author":2,"featured_media":28402,"comment_status":"open","ping_status":"open","sticky":false,"template":"","format":"standard","meta":{"footnotes":""},"categories":[56],"tags":[],"class_list":{"0":"post-28401","1":"post","2":"type-post","3":"status-publish","4":"format-standard","5":"has-post-thumbnail","7":"category-locales"},"_links":{"self":[{"href":"https:\/\/radiobitacora.com.ar\/web\/wp-json\/wp\/v2\/posts\/28401","targetHints":{"allow":["GET"]}}],"collection":[{"href":"https:\/\/radiobitacora.com.ar\/web\/wp-json\/wp\/v2\/posts"}],"about":[{"href":"https:\/\/radiobitacora.com.ar\/web\/wp-json\/wp\/v2\/types\/post"}],"author":[{"embeddable":true,"href":"https:\/\/radiobitacora.com.ar\/web\/wp-json\/wp\/v2\/users\/2"}],"replies":[{"embeddable":true,"href":"https:\/\/radiobitacora.com.ar\/web\/wp-json\/wp\/v2\/comments?post=28401"}],"version-history":[{"count":0,"href":"https:\/\/radiobitacora.com.ar\/web\/wp-json\/wp\/v2\/posts\/28401\/revisions"}],"wp:featuredmedia":[{"embeddable":true,"href":"https:\/\/radiobitacora.com.ar\/web\/wp-json\/wp\/v2\/media\/28402"}],"wp:attachment":[{"href":"https:\/\/radiobitacora.com.ar\/web\/wp-json\/wp\/v2\/media?parent=28401"}],"wp:term":[{"taxonomy":"category","embeddable":true,"href":"https:\/\/radiobitacora.com.ar\/web\/wp-json\/wp\/v2\/categories?post=28401"},{"taxonomy":"post_tag","embeddable":true,"href":"https:\/\/radiobitacora.com.ar\/web\/wp-json\/wp\/v2\/tags?post=28401"}],"curies":[{"name":"wp","href":"https:\/\/api.w.org\/{rel}","templated":true}]}}