{"id":28411,"date":"2025-12-15T09:04:55","date_gmt":"2025-12-15T12:04:55","guid":{"rendered":"https:\/\/radiobitacora.com.ar\/web\/?p=28411"},"modified":"2025-12-15T09:04:55","modified_gmt":"2025-12-15T12:04:55","slug":"50-anos-de-la-sade-goya","status":"publish","type":"post","link":"https:\/\/radiobitacora.com.ar\/web\/2025\/12\/15\/50-anos-de-la-sade-goya\/","title":{"rendered":"50 A\u00d1OS DE LA SADE GOYA"},"content":{"rendered":"<p style=\"font-weight: 400;\">Los escritores, el Intendente Mariano Hormaechea, los funcionarios municipales renovaron el compromiso de seguir trabajando juntos con sus aportes a la cultura, la historia y la identidad de los goyanos.<\/p>\n<p style=\"font-weight: 400;\">\n<p style=\"font-weight: 400;\">En la noche del viernes, la Casa de la Cultura fue el \u00e1mbito elegido para la celebraci\u00f3n, agasajo, brindis y reconocimiento de la labor cultural, literaria desarrollada durante estos 50 a\u00f1os por la entidad que nuclea a los escritores goyanos.<\/p>\n<p style=\"font-weight: 400;\">\n<p style=\"font-weight: 400;\">\n<p style=\"font-weight: 400;\">FELIPE FARQHUARSON<\/p>\n<p style=\"font-weight: 400;\">El Presidente de la SADE Goya Felipe Farqhuarson agradeci\u00f3 la presencia y acompa\u00f1amiento del Intendente Mariano Hormaechea, valorando el apoyo brindado por la Municipalidad a la entidad y la posibilidad de participar en la Feria del Libro y la permanencia constante del Director de Cultura, para se\u00f1alar \u201cHemos transitado un gran camino, dejando una gran huella, originada en la mirada visionaria de los escritores all\u00e1 por 1975, con pensamientos dis\u00edmiles incluso pol\u00edticos pero con el objetivo de formar buenos ciudadanos, es un honor poder representar el pensamiento, la escritura para lograr esos objetivos.\u201d<\/p>\n<p style=\"font-weight: 400;\">\u201cEste es un tiempo en mi caso de transici\u00f3n, -cont\u00f3 el presidente de la entidad- estamos finalizando un mandato, abriendo la posibilidad de la renovaci\u00f3n de nuestra comisi\u00f3n directiva, de acuerdo a lo que marca nuestro estatuto, haciendo un repaso podemos mencionar la visita de grandes personalidades de la literatura, hemos trabajado con responsabilidad, logramos nuestra personer\u00eda jur\u00eddica, debemos hacer m\u00e1s, ese ser\u00e1 el desaf\u00edo para las nuevas generaciones y los nuevos integrantes de los directivos de nuestra SADE Goya.\u201d<\/p>\n<p style=\"font-weight: 400;\">Finalmente Felipe Farqhuarson, manifest\u00f3: \u201cGracias a la Municipalidad que ha hecho de la cultura una pol\u00edtica de estado, reflejado en distintas actividades, todos hemos puesto nuestro granito de arena para alcanzar estos objetivos para retornar a transformarnos en un faro de la escritura, de la literatura, cr\u00e9anme que buscamos eso ser un icono en este derrotero literario.\u201d<\/p>\n<p style=\"font-weight: 400;\">\n<p style=\"font-weight: 400;\">\n<p style=\"font-weight: 400;\">JOSE ERASMO GAUTO<\/p>\n<p style=\"font-weight: 400;\">Visiblemente emocionado el socio fundador de la SADE Goya profesor Jos\u00e9 Erasmo Gauto, record\u00f3 a sus pares, reconoci\u00f3 el invalorable aporte de cada uno de ellos para constituir la entidad para dejar plasmado los pensamientos en escritos, en sus palabras dej\u00f3 expresados su anhelo: \u201cEn la renovaci\u00f3n de nuestra comisi\u00f3n directiva, aspiro as\u00ed como en el inicio de las actividades de la SADE, la conducci\u00f3n est\u00e9 en manos de una mujer, ese es una expresi\u00f3n de deseo para nuestra pr\u00f3xima asamblea.\u201d<\/p>\n<p style=\"font-weight: 400;\">En su discurso el profesor Gauto, historio las acciones llevadas adelante durante estos 50 a\u00f1os de la entidad, la aparici\u00f3n de revistas que reflejaban esas acciones, destaco el acompa\u00f1amiento como un padrinazgo para la conformaci\u00f3n de la SADE de Santa Lucia, para sostener \u201cEs v\u00e1lido la participaci\u00f3n desde el compromiso y apoyo de la Municipalidad poder dar espacio a nuestros escritores en la Feria del Libro.\u201d<\/p>\n<p style=\"font-weight: 400;\">Seguramente uno de los planteos que nos lleva a \u201caccionar juntos es la institucionalizaci\u00f3n de la historia de Goya, dejando de lado los intereses personales para buscar el inter\u00e9s com\u00fan y lograr estos objetivos que nos proponemos como sociedad.\u201d<\/p>\n<p style=\"font-weight: 400;\">\n<p style=\"font-weight: 400;\">MARIANO HORMAECHEA<\/p>\n<p style=\"font-weight: 400;\">\n<p style=\"font-weight: 400;\">El Intendente Mariano Hormaechea, tras agradecer la invitaci\u00f3n a participar del brindis y celebraci\u00f3n de los 50 a\u00f1os de SADE Goya, destac\u00f3 el valor del aporte de la entidad, para se\u00f1alar: \u201cNos han entendido, nosotros hemos entendido a Uds., reflejado en la Feria del Libro, con esa articulaci\u00f3n para valorar nuestra identidad, nuestra cultura, los resultados se empiezan a visualizar, lo que pas\u00f3 el pasado 9 de noviembre es un reflejo de ello con la constituci\u00f3n de la mesa de di\u00e1logo, que ayud\u00f3 a debatir, analizar para trabajar juntos, sabiendo que Goya est\u00e1 por encima de cada uno de nosotros, el Pacto Goya 2030 es la suma de todos esos aportes, estoy seguro que con todas estas acciones daremos el pr\u00f3ximo paso que es la institucionalizaci\u00f3n de la historia de Goya, en el libro de la ciudad, donde estaremos presentando este libro institucional con la Historia de Goya en nuestra pr\u00f3xima Feria del Libro, es una historia rica, que tiene mucho para descubrir, para los j\u00f3venes, as\u00ed seguiremos trabajando, afirmando este camino junto a la nueva comisi\u00f3n directiva, en esa mesa de di\u00e1logo, para seguir haciendo este recorrido juntos, gracias y felices 50 a\u00f1os a la SADE Goya\u201d<\/p>\n<p style=\"font-weight: 400;\">\n<p style=\"font-weight: 400;\">Una noche llena de emociones, la celebraci\u00f3n de los 50 a\u00f1os de la entidad de los escritores, que abri\u00f3 el micr\u00f3fono para que sus socios, como el caso de Alicia \u00c1rnica de Nardelli, leyera una poes\u00eda alusiva de su propia inspiraci\u00f3n, con el aporte de Cultura se pudo disfrutar de la presentaci\u00f3n de la Pareja Ganadora de la Pre Fiesta del Chamam\u00e9 Ger\u00f3nimo Aquino y Selene Barrios quienes estar\u00e1n la pr\u00f3xima edici\u00f3n de la Fiesta Nacional del Chamam\u00e9.<\/p>\n<p style=\"font-weight: 400;\">\n<p style=\"font-weight: 400;\">De igual manera La Trova Cultural integrada por Alejandro Fern\u00e1ndez; Silvio Dom\u00ednguez y Rub\u00e9n Olmedo deleitaron a los presentes con sus interpretaciones de los temas principalmente de aquellas voces relacionadas al Rock Nacional, sucedi\u00e9ndose en la noche cantos, poes\u00edas, palabras de los miembros de la SADE, as\u00ed como tambi\u00e9n los saludos de Catalina Zini de la SADE Santa Luc\u00eda para combinar los sabores de la gastronom\u00eda aportada desde la Secretar\u00eda de Educaci\u00f3n por medio del trabajo de las escuelas municipales, extendi\u00e9ndose la velada con an\u00e9cdotas y recuerdos que los presentes iban aportando en la noche.<\/p>\n<p style=\"font-weight: 400;\">\n<p style=\"font-weight: 400;\">Con el compromiso renovado de continuar aportando a la literatura, la historia, el arte, en definitiva, a la identidad de los Goyanos, concluy\u00f3 el festejo, brindis y agasajo de los 50 a\u00f1os de la SADE Goya<\/p>\n<p style=\"font-weight: 400;\">\n<p style=\"font-weight: 400;\">Direcci\u00f3n de Prensa-Municipalidad de Goya<\/p>\n","protected":false},"excerpt":{"rendered":"<p>Los escritores, el Intendente Mariano Hormaechea, los funcionarios municipales renovaron el compromiso de seguir trabajando juntos con sus aportes a la cultura, la historia y la identidad de los goyanos. En la noche del viernes, la Casa de la Cultura fue el \u00e1mbito elegido para la celebraci\u00f3n, agasajo, brindis y reconocimiento de la labor cultural, [&hellip;]<\/p>\n","protected":false},"author":2,"featured_media":28412,"comment_status":"open","ping_status":"open","sticky":false,"template":"","format":"standard","meta":{"footnotes":""},"categories":[56],"tags":[],"class_list":{"0":"post-28411","1":"post","2":"type-post","3":"status-publish","4":"format-standard","5":"has-post-thumbnail","7":"category-locales"},"_links":{"self":[{"href":"https:\/\/radiobitacora.com.ar\/web\/wp-json\/wp\/v2\/posts\/28411","targetHints":{"allow":["GET"]}}],"collection":[{"href":"https:\/\/radiobitacora.com.ar\/web\/wp-json\/wp\/v2\/posts"}],"about":[{"href":"https:\/\/radiobitacora.com.ar\/web\/wp-json\/wp\/v2\/types\/post"}],"author":[{"embeddable":true,"href":"https:\/\/radiobitacora.com.ar\/web\/wp-json\/wp\/v2\/users\/2"}],"replies":[{"embeddable":true,"href":"https:\/\/radiobitacora.com.ar\/web\/wp-json\/wp\/v2\/comments?post=28411"}],"version-history":[{"count":0,"href":"https:\/\/radiobitacora.com.ar\/web\/wp-json\/wp\/v2\/posts\/28411\/revisions"}],"wp:featuredmedia":[{"embeddable":true,"href":"https:\/\/radiobitacora.com.ar\/web\/wp-json\/wp\/v2\/media\/28412"}],"wp:attachment":[{"href":"https:\/\/radiobitacora.com.ar\/web\/wp-json\/wp\/v2\/media?parent=28411"}],"wp:term":[{"taxonomy":"category","embeddable":true,"href":"https:\/\/radiobitacora.com.ar\/web\/wp-json\/wp\/v2\/categories?post=28411"},{"taxonomy":"post_tag","embeddable":true,"href":"https:\/\/radiobitacora.com.ar\/web\/wp-json\/wp\/v2\/tags?post=28411"}],"curies":[{"name":"wp","href":"https:\/\/api.w.org\/{rel}","templated":true}]}}