{"id":28422,"date":"2025-12-15T09:17:55","date_gmt":"2025-12-15T12:17:55","guid":{"rendered":"https:\/\/radiobitacora.com.ar\/web\/?p=28422"},"modified":"2025-12-15T09:17:55","modified_gmt":"2025-12-15T12:17:55","slug":"racing-tiene-a-martin-ortega-en-carpeta-para-reemplazar-a-facundo-mura","status":"publish","type":"post","link":"https:\/\/radiobitacora.com.ar\/web\/2025\/12\/15\/racing-tiene-a-martin-ortega-en-carpeta-para-reemplazar-a-facundo-mura\/","title":{"rendered":"RACING TIENE A MART\u00cdN ORTEGA EN CARPETA PARA REEMPLAZAR A FACUNDO MURA"},"content":{"rendered":"<p>El lateral derecho de Tigre, que tambi\u00e9n puede desempe\u00f1arse como mediocampista central, interesa en la Academia ante la inminente salida del ex-Col\u00f3n como jugador libre a Inter Miami.<\/p>\n<div class=\"containerGrid\">\n<div class=\"col6 shareBar\"><\/div>\n<\/div>\n<figure data-modal-description=\"Mart\u00edn Ortega disput\u00f3 74 partidos en Tigre, en los que marc\u00f3 tres goles.\" data-modal-image=\"https:\/\/media.tycsports.com\/files\/2025\/12\/14\/909775\/martin-ortega_w862.webp\"><img loading=\"lazy\" decoding=\"async\" class=\"mainImg r16x9\" title=\"Mart\u00edn Ortega\" src=\"https:\/\/media.tycsports.com\/files\/2025\/12\/14\/909775\/martin-ortega_416x234.webp?v=1\" srcset=\"https:\/\/media.tycsports.com\/files\/2025\/12\/14\/909775\/martin-ortega_416x234.webp?v=1 960w,https:\/\/media.tycsports.com\/files\/2025\/12\/14\/909775\/martin-ortega_862x485.webp?v=1 1024w\" alt=\"Mart\u00edn Ortega\" width=\"416\" height=\"234\" data-kiosked-context-name=\"kskdUIContext_01kcgyyh843tprf6zxbge4sb6j\" \/><\/p>\n<div id=\"kskd01kcgyyh935xc3yfw76ehay9wx\" class=\"kskdDiv kskdCls\" data-kiosked-role=\"anchor\" data-kiosked-type=\"in-line\" data-kioskid=\"01kcgyyh935xc3yfw76ehay9wx\" data-kiosked-cntrid=\"12549_77be1eec53b0b6f7701951ad538a62e4\">\n<div class=\"kskdDiv\" data-kiosked-role=\"boundary\">\n<div class=\"kskdDiv\" data-kioskid=\"01kcgyyh935xc3yfw76ehay9wx\" data-kiosked-role=\"ad-container\">\n<div class=\"kskdDiv\" data-kskd-type=\"banner\" data-width=\"728\" data-height=\"90\"><\/div>\n<div class=\"kskdDiv\" data-kskd-type=\"banner\" data-width=\"728\" data-height=\"90\" data-kskd-filled=\"false\"><\/div>\n<\/div>\n<\/div>\n<\/div><figcaption>Mart\u00edn Ortega disput\u00f3 74 partidos en Tigre, en los que marc\u00f3 tres goles.<\/figcaption><\/figure>\n<div id=\"ad-slot-inline1\" class=\"ad-slot-inline1 ad-slot\" data-adtype=\"inline1\" data-google-query-id=\"CN7CtPbIv5EDFQOuYQYdwHM7jQ\">\n<div id=\"google_ads_iframe_\/125006397\/tyc\/nota\/inline1_0__container__\"><\/div>\n<\/div>\n<div class=\"alsoReadContainer\">\n<h2 class=\"alsoReadText\">C\u00f3mo est\u00e1 Racing el d\u00eda despu\u00e9s de perder la final del Clausura: &#8220;Tenemos que atravesar este dolor&#8221;<\/h2>\n<\/div>\n<p>El futbolista de 26 a\u00f1os est\u00e1 libre despu\u00e9s de su paso por Tigre y es uno de los apuntados en la Academia para cubrir el lugar que\u00a0<b>quedar\u00e1 vacante por la salida de Facundo Mura, quien no renovar\u00e1 su contrato y se marchar\u00e1 a Inter Miami.<\/b><\/p>\n<p>Si bien no jug\u00f3 en los \u00faltimos encuentros del\u00a0<i>Matador\u00a0<\/i>en el Clausura, su ausencia se debi\u00f3 a que se sab\u00eda que se ir\u00eda de la insituci\u00f3n, pero\u00a0<b>siempre fue una pieza clave en Tigre desde que lleg\u00f3 en julio de 2022.<\/b><\/p>\n<p>El surgido en Quilmes se destaca por su despliegue y buen manejo de pelota, algo que le permiti\u00f3 desempe\u00f1arse como mediocampista central en algunas ocasiones, aunque s<b>u posici\u00f3n natural es la de lateral por la derecha.<\/b><\/p>\n<div id=\"ad-slot-inline2\" class=\"ad-slot-inline_grande ad-slot\" data-adtype=\"inline_grande\" data-google-query-id=\"CN_CtPbIv5EDFQOuYQYdwHM7jQ\">\n<div id=\"google_ads_iframe_\/125006397\/tyc\/nota\/inline2_0__container__\"><\/div>\n<\/div>\n<figure class=\"imgContain\" data-modal-description=\"Antes de llegar a Tigre en julio de 2022, Ortega pas\u00f3 por Quilmes, donde acumul\u00f3 61 encuentros y tambi\u00e9n tres goles.\" data-modal-image=\"https:\/\/media.tycsports.com\/files\/2025\/12\/14\/909778\/ortega-_w862.webp\"><img decoding=\"async\" class=\"mainImg\" title=\"Ortega \" src=\"https:\/\/media.tycsports.com\/files\/2025\/12\/14\/909778\/ortega-_w862.webp\" alt=\"Ortega \" data-src=\"https:\/\/media.tycsports.com\/files\/2025\/12\/14\/909778\/ortega-_w862.webp\" \/><figcaption>Antes de llegar a Tigre en julio de 2022, Ortega pas\u00f3 por Quilmes, donde acumul\u00f3 61 encuentros y tambi\u00e9n tres goles.<\/figcaption><\/figure>\n<p>A sus 26 a\u00f1os,\u00a0<b>Ortega acumula 74 partidos en Tigre y tres goles<\/b>\u00a0y 61 encuentros en el\u00a0<i>Cervecero<\/i>, donde marc\u00f3 la misma cantidad de tantos. M\u00e1s all\u00e1 de que interesa en Racing, no ser\u00e1 sencillo su arribo porque tiene otras ofertas.<\/p>\n<p>Aunque trascendi\u00f3 que ya hubo algunas conversaciones con sus representantes,\u00a0<b>el defensor est\u00e1 en el radar de algunos equipos de Europa y tiene pasaporte comunitario<\/b>, por lo que eso acelerar\u00eda cualquier negociaci\u00f3n con clubes del Viejo Continente. \u00bfArribar\u00e1 a Racing?<\/p>\n","protected":false},"excerpt":{"rendered":"<p>El lateral derecho de Tigre, que tambi\u00e9n puede desempe\u00f1arse como mediocampista central, interesa en la Academia ante la inminente salida del ex-Col\u00f3n como jugador libre a Inter Miami. Mart\u00edn Ortega disput\u00f3 74 partidos en Tigre, en los que marc\u00f3 tres goles. C\u00f3mo est\u00e1 Racing el d\u00eda despu\u00e9s de perder la final del Clausura: &#8220;Tenemos que [&hellip;]<\/p>\n","protected":false},"author":2,"featured_media":28423,"comment_status":"open","ping_status":"open","sticky":false,"template":"","format":"standard","meta":{"footnotes":""},"categories":[78],"tags":[],"class_list":{"0":"post-28422","1":"post","2":"type-post","3":"status-publish","4":"format-standard","5":"has-post-thumbnail","7":"category-deportes"},"_links":{"self":[{"href":"https:\/\/radiobitacora.com.ar\/web\/wp-json\/wp\/v2\/posts\/28422","targetHints":{"allow":["GET"]}}],"collection":[{"href":"https:\/\/radiobitacora.com.ar\/web\/wp-json\/wp\/v2\/posts"}],"about":[{"href":"https:\/\/radiobitacora.com.ar\/web\/wp-json\/wp\/v2\/types\/post"}],"author":[{"embeddable":true,"href":"https:\/\/radiobitacora.com.ar\/web\/wp-json\/wp\/v2\/users\/2"}],"replies":[{"embeddable":true,"href":"https:\/\/radiobitacora.com.ar\/web\/wp-json\/wp\/v2\/comments?post=28422"}],"version-history":[{"count":0,"href":"https:\/\/radiobitacora.com.ar\/web\/wp-json\/wp\/v2\/posts\/28422\/revisions"}],"wp:featuredmedia":[{"embeddable":true,"href":"https:\/\/radiobitacora.com.ar\/web\/wp-json\/wp\/v2\/media\/28423"}],"wp:attachment":[{"href":"https:\/\/radiobitacora.com.ar\/web\/wp-json\/wp\/v2\/media?parent=28422"}],"wp:term":[{"taxonomy":"category","embeddable":true,"href":"https:\/\/radiobitacora.com.ar\/web\/wp-json\/wp\/v2\/categories?post=28422"},{"taxonomy":"post_tag","embeddable":true,"href":"https:\/\/radiobitacora.com.ar\/web\/wp-json\/wp\/v2\/tags?post=28422"}],"curies":[{"name":"wp","href":"https:\/\/api.w.org\/{rel}","templated":true}]}}