{"id":28425,"date":"2025-12-15T09:20:27","date_gmt":"2025-12-15T12:20:27","guid":{"rendered":"https:\/\/radiobitacora.com.ar\/web\/?p=28425"},"modified":"2025-12-15T09:20:38","modified_gmt":"2025-12-15T12:20:38","slug":"los-jugadores-que-volvieron-a-independiente-y-podrian-salir-a-prestamo-de-nuevo","status":"publish","type":"post","link":"https:\/\/radiobitacora.com.ar\/web\/2025\/12\/15\/los-jugadores-que-volvieron-a-independiente-y-podrian-salir-a-prestamo-de-nuevo\/","title":{"rendered":"LOS JUGADORES QUE VOLVIERON A INDEPENDIENTE Y PODR\u00cdAN SALIR A PR\u00c9STAMO DE NUEVO"},"content":{"rendered":"<p><span style=\"color: #111111; font-family: Roboto, sans-serif; font-size: 27px;\">El futuro de \u00c1valos en Independiente: los clubes que lo buscaron y la postura del jugador<\/span><\/p>\n<p>Joel Gonz\u00e1lez, Patricio Ostachuk y Rodrigo \u201cChila\u201dM\u00e1rquez finalizaron sus cesiones y tendr\u00e1n que presentarse a la pretemporada, aunque puede que arreglen su continuidad en otros clubes antes de tiempo.<\/p>\n<div id=\"ad-slot-inline1\" class=\"ad-slot-inline1 ad-slot\" data-adtype=\"inline1\" data-google-query-id=\"CLyqwdbJv5EDFckFHgAd1K4qwg\">\n<div id=\"google_ads_iframe_\/125006397\/tyc\/nota\/inline1_0__container__\"><\/div>\n<\/div>\n<p>El delantero de 23 a\u00f1os, de \u00faltimo paso por Dock Sud, donde jug\u00f3 34 partidos y marc\u00f3 cinco goles,\u00a0<b>tiene chances de pasar a G\u00fcemes de Santiago del Estero<\/b>, que tras una mala temporada\u00a0<b>mantuvo la categor\u00eda en la Primera Nacional y quiere reforzarse para no sufrir complicaciones.<\/b><\/p>\n<div class=\"gallery kskddisable\">\n<div class=\"main-slide\">\n<div id=\"slide1\" class=\"slide show\">\n<div id=\"video-cb-1650422\" class=\"videoPlayer cb-async\" data-contentid=\"1650422\" data-islive=\"false\" data-imaads=\"true\" data-src-video=\"https:\/\/genoa-player-api.vodgc.net\/content\/manifest\/1650422?default_quality=480P&amp;pid=11\" data-poster=\"https:\/\/media.tycsports.com\/files\/2024\/07\/18\/743718\/-instituto-vs-independiente-el-ingreso-de-rodrigo-marqufa_416x234.webp\" data-videotitle=\"Despu\u00e9s de haber dejado Independiente, Rodrigo M\u00e1rquez apunt\u00f3 contra Julio Vaccari y aseguro que no confiaba en \u00e9l\" data-related-videos=\"{&quot;related&quot;:[{&quot;title&quot;:&quot;Qu\u00e9 dijo Ver\u00f3n tras el t\u00edtulo de Estudiantes de La Plata&quot;,&quot;image&quot;:&quot;https:\/\/media.tycsports.com\/files\/2025\/12\/14\/909728\/que-dijo-veron-tras-el-titulo-de-estudiantes-de-la-plata_267x150.webp&quot;,&quot;href&quot;:&quot;https:\/\/www.tycsports.com\/video\/liga-profesional-de-futbol\/que-dijo-veron-tras-el-titulo-de-estudiantes-de-la-plata-id909728.html&quot;},{&quot;title&quot;:&quot;As\u00ed fue la lesi\u00f3n de Sosa en la tanda de penales&quot;,&quot;image&quot;:&quot;https:\/\/media.tycsports.com\/files\/2025\/12\/14\/909725\/asi-fue-la-lesion-de-sosa-en-la-tanda-de-penales_267x150.webp&quot;,&quot;href&quot;:&quot;https:\/\/www.tycsports.com\/video\/racing-club\/asi-fue-la-lesion-de-sosa-en-la-tanda-de-penales-id909725.html&quot;},{&quot;title&quot;:&quot;El emotivo abrazo entre Ver\u00f3n y Dom\u00ednguez tras la coronaci\u00f3n de Estudiantes&quot;,&quot;image&quot;:&quot;https:\/\/media.tycsports.com\/files\/2025\/12\/14\/909709\/el-emotivo-abrazo-entre-veron-y-dominguez-tras-la-coronacion-de-estudiantes_267x150.webp&quot;,&quot;href&quot;:&quot;https:\/\/www.tycsports.com\/video\/liga-profesional-de-futbol\/el-emotivo-abrazo-entre-veron-y-dominguez-tras-la-coronacion-de-estudiantes-id909709.html&quot;},{&quot;title&quot;:&quot;La palabra de Guido Carrillo tras salir campe\u00f3n con Estudiantes del Clausura&quot;,&quot;image&quot;:&quot;https:\/\/media.tycsports.com\/files\/2025\/12\/14\/909689\/la-palabra-de-guido-carrillo-tras-salir-campeon-con-estudiantes-del-clausura_267x150.webp&quot;,&quot;href&quot;:&quot;https:\/\/www.tycsports.com\/video\/liga-profesional-de-futbol\/la-palabra-de-guido-carrillo-tras-salir-campeon-con-estudiantes-del-clausura-id909689.html&quot;},{&quot;title&quot;:&quot;As\u00ed fue la premiaci\u00f3n de Tapia al Estudiantes campe\u00f3n&quot;,&quot;image&quot;:&quot;https:\/\/media.tycsports.com\/files\/2025\/12\/14\/909686\/asi-fue-la-premiacion-de-tapia-al-estudiantes-campeon_267x150.webp&quot;,&quot;href&quot;:&quot;https:\/\/www.tycsports.com\/video\/liga-profesional-de-futbol\/asi-fue-la-premiacion-de-tapia-al-estudiantes-campeon-id909686.html&quot;}]}\">\n<h4 class=\"videoTextTitle\">Despu\u00e9s de haber dejado Independiente, Rodrigo M\u00e1rquez apunt\u00f3 contra Julio Vaccari y aseguro que no confiaba en \u00e9l<\/h4>\n<p><img loading=\"lazy\" decoding=\"async\" class=\"videoPlayerImg\" title=\"Despu\u00e9s de haber dejado Independiente, Rodrigo M\u00e1rquez apunt\u00f3 contra Julio Vaccari y aseguro que no confiaba en \u00e9l\" src=\"https:\/\/www.tycsports.com\/independiente\/undefined\" srcset=\"https:\/\/media.tycsports.com\/files\/2024\/07\/18\/743718\/-instituto-vs-independiente-el-ingreso-de-rodrigo-marqufa_416x234.webp 960w, https:\/\/media.tycsports.com\/files\/2024\/07\/18\/743718\/-instituto-vs-independiente-el-ingreso-de-rodrigo-marqufa_862x485.webp 1024w\" alt=\"Despu\u00e9s de haber dejado Independiente, Rodrigo M\u00e1rquez apunt\u00f3 contra Julio Vaccari y aseguro que no confiaba en \u00e9l\" width=\"416\" height=\"234\" data-srcset=\"https:\/\/media.tycsports.com\/files\/2024\/07\/18\/743718\/-instituto-vs-independiente-el-ingreso-de-rodrigo-marqufa_416x234.webp 960w, https:\/\/media.tycsports.com\/files\/2024\/07\/18\/743718\/-instituto-vs-independiente-el-ingreso-de-rodrigo-marqufa_862x485.webp 1024w\" \/><\/p>\n<\/div>\n<\/div>\n<\/div>\n<div class=\"thumbnails\"><\/div>\n<\/div>\n<p>Por su parte, el defensor, quien d<a href=\"https:\/\/www.tycsports.com\/independiente\/independiente-jugador-vuelve-prestamo-primera-nacional-patricio-ostachuk-id701940.html\" target=\"_blank\" rel=\"noopener\">\u00edas atr\u00e1s hab\u00eda dicho que tiene cosas de Kevin Lom\u00f3naco y que priorizaba jugar<\/a>, m\u00e1s all\u00e1 de su amor por Independiente, interesa en Col\u00f3n. Ostachuk viene de una buena campa\u00f1a en Tristan Su\u00e1rez y llegar\u00eda al Sabalero en busca de volver a Primera.<\/p>\n<p>Finalmente<b>, Chila M\u00e1rquez<\/b>, quien supo ser uno de los juveniles que m\u00e1s se destac\u00f3 en Primera,\u00a0<b>est\u00e1 en el radar de Temperley tras su paso por Platense<\/b>, que no fue el mejor porque solo sum\u00f3 cinco encuentros. Al extremo lo han perjudicado las lesiones ligamentarias que le impidieron sobresalir en Primera y, a sus 23 a\u00f1os, intentar\u00e1 resugir en la segunda divisi\u00f3n<\/p>\n","protected":false},"excerpt":{"rendered":"<p>El futuro de \u00c1valos en Independiente: los clubes que lo buscaron y la postura del jugador Joel Gonz\u00e1lez, Patricio Ostachuk y Rodrigo \u201cChila\u201dM\u00e1rquez finalizaron sus cesiones y tendr\u00e1n que presentarse a la pretemporada, aunque puede que arreglen su continuidad en otros clubes antes de tiempo. El delantero de 23 a\u00f1os, de \u00faltimo paso por Dock [&hellip;]<\/p>\n","protected":false},"author":2,"featured_media":28426,"comment_status":"open","ping_status":"open","sticky":false,"template":"","format":"standard","meta":{"footnotes":""},"categories":[78],"tags":[],"class_list":{"0":"post-28425","1":"post","2":"type-post","3":"status-publish","4":"format-standard","5":"has-post-thumbnail","7":"category-deportes"},"_links":{"self":[{"href":"https:\/\/radiobitacora.com.ar\/web\/wp-json\/wp\/v2\/posts\/28425","targetHints":{"allow":["GET"]}}],"collection":[{"href":"https:\/\/radiobitacora.com.ar\/web\/wp-json\/wp\/v2\/posts"}],"about":[{"href":"https:\/\/radiobitacora.com.ar\/web\/wp-json\/wp\/v2\/types\/post"}],"author":[{"embeddable":true,"href":"https:\/\/radiobitacora.com.ar\/web\/wp-json\/wp\/v2\/users\/2"}],"replies":[{"embeddable":true,"href":"https:\/\/radiobitacora.com.ar\/web\/wp-json\/wp\/v2\/comments?post=28425"}],"version-history":[{"count":0,"href":"https:\/\/radiobitacora.com.ar\/web\/wp-json\/wp\/v2\/posts\/28425\/revisions"}],"wp:featuredmedia":[{"embeddable":true,"href":"https:\/\/radiobitacora.com.ar\/web\/wp-json\/wp\/v2\/media\/28426"}],"wp:attachment":[{"href":"https:\/\/radiobitacora.com.ar\/web\/wp-json\/wp\/v2\/media?parent=28425"}],"wp:term":[{"taxonomy":"category","embeddable":true,"href":"https:\/\/radiobitacora.com.ar\/web\/wp-json\/wp\/v2\/categories?post=28425"},{"taxonomy":"post_tag","embeddable":true,"href":"https:\/\/radiobitacora.com.ar\/web\/wp-json\/wp\/v2\/tags?post=28425"}],"curies":[{"name":"wp","href":"https:\/\/api.w.org\/{rel}","templated":true}]}}