{"id":28429,"date":"2025-12-15T09:23:33","date_gmt":"2025-12-15T12:23:33","guid":{"rendered":"https:\/\/radiobitacora.com.ar\/web\/?p=28429"},"modified":"2025-12-15T09:23:33","modified_gmt":"2025-12-15T12:23:33","slug":"lujan-una-religiosa-quiso-evitar-que-le-robaran-la-cartera-se-cayo-de-la-moto-y-sufrio-un-derrame-cerebral","status":"publish","type":"post","link":"https:\/\/radiobitacora.com.ar\/web\/2025\/12\/15\/lujan-una-religiosa-quiso-evitar-que-le-robaran-la-cartera-se-cayo-de-la-moto-y-sufrio-un-derrame-cerebral\/","title":{"rendered":"LUJ\u00c1N: UNA RELIGIOSA QUISO EVITAR QUE LE ROBARAN LA CARTERA, SE CAY\u00d3 DE LA MOTO Y SUFRI\u00d3 UN DERRAME CEREBRAL"},"content":{"rendered":"<div class=\"article__header article__story article__article\">\n<div class=\"article__head\">\n<div class=\"article__headline-byline-container\">\n<div id=\"StaticHeadlines\">\n<div data-testid=\"headlines\">\n<h2 class=\"article__dropline font__body\">Lorena Pizzi est\u00e1 internada en terapia intensiva. Tambi\u00e9n tiene quebraduras en brazos y piernas. Hay dos sospechosos detenidos.<\/h2>\n<\/div>\n<\/div>\n<div class=\"article__byline\" data-testid=\"byline\"><\/div>\n<\/div>\n<div class=\"article__audionote-share\">\n<div class=\"horizontal-share is-collapsable\" data-testid=\"share-toolbar\">\n<div class=\"share-wrapper\" data-testid=\"share-wrapper\"><\/div>\n<\/div>\n<\/div>\n<\/div>\n<\/div>\n<div class=\"default-article-color article__body article__article\">\n<p class=\"paragraph font__body-regular\"><b>Dos delincuentes\u00a0<\/b><a title=\"https:\/\/tn.com.ar\/policiales\/2025\/12\/11\/video-dos-ladrones-dispararon-mas-de-diez-veces-para-robar-una-moto-en-haedo\/\" href=\"https:\/\/tn.com.ar\/policiales\/2025\/12\/11\/video-dos-ladrones-dispararon-mas-de-diez-veces-para-robar-una-moto-en-haedo\/\" target=\"_blank\" rel=\"noopener noreferrer\"><b>le quisieron robar la cartera\u00a0<\/b><\/a><b>a una pastora\u00a0<\/b>evang\u00e9lica cuando viajaba en moto: la mujer perdi\u00f3 el equilibrio,<b>\u00a0cay\u00f3 del veh\u00edculo y est\u00e1 grave.<\/b><\/p>\n<div id=\"ad-slot-infeed\" class=\"infeed-container\" data-google-query-id=\"CIrdhazKv5EDFU6LYQYdOt073g\"><\/div>\n<p class=\"paragraph font__body-regular\">El violento episodio ocurri\u00f3 d\u00edas atr\u00e1s en el cruce de la Ruta 5 y Colectora Sur, en la localidad bonaerense de Luj\u00e1n, pero se conoci\u00f3 reci\u00e9n en las \u00faltimas horas.<\/p>\n<p class=\"paragraph font__body-regular\" data-mrf-recirculation=\"Le\u00e9 tambi\u00e9n\"><i><b>Le\u00e9 tambi\u00e9n:\u00a0<\/b><\/i><a title=\"Video: un motochorro le apunt\u00f3 con un arma en la cabeza a una pareja para robarle los celulares en La Matanza\" href=\"https:\/\/tn.com.ar\/policiales\/2025\/12\/12\/video-un-motochorro-le-apunto-con-un-arma-en-la-cabeza-a-una-pareja-para-robarles-los-celulares-en-la-matanza\/\" data-mrf-link=\"https:\/\/tn.com.ar\/policiales\/2025\/12\/12\/video-un-motochorro-le-apunto-con-un-arma-en-la-cabeza-a-una-pareja-para-robarles-los-celulares-en-la-matanza\/\"><i><b>Video: un motochorro le apunt\u00f3 con un arma en la cabeza a una pareja para robarle los celulares en La Matanza<\/b><\/i><\/a><\/p>\n<p class=\"paragraph font__body-regular\">Seg\u00fan precisaron los medios locales, todo sucedi\u00f3 cuando la v\u00edctima, identificada como Lorena Pizzi de 58 a\u00f1os, volv\u00eda a su casa en su moto Smash luego de hacer las compras.<\/p>\n<p class=\"paragraph font__body-regular\">Fue entonces cuando una pareja de delincuentes\u00a0<b>la intercept\u00f3 para robarle.<\/b>\u00a0En ese contexto, la mujer intent\u00f3 defenderse y les tir\u00f3 una patada, pero, desafortunadamente, perdi\u00f3 el equilibrio. En ese momento,<b>\u00a0la v\u00edctima cay\u00f3 de manera violenta al piso y se descompens\u00f3.<\/b><\/p>\n<figure class=\"\" data-testid=\"figure-testid\">\n<div class=\"aspect_ratio__container\"><picture class=\"responsive-image\"><source srcset=\"https:\/\/tn.com.ar\/resizer\/v2\/la-mujer-fue-agredida-en-medio-de-un-robo-foto-facebook-lorena-pizzi-2LKPVTKRCJCDDOY5I4G6DVUBZA.jpg?auth=918c9cd11e9b4c3d5fa8deee8eee1caf6597ae5c7bf7920b8afeaaec4e325f93&amp;width=767\" type=\"image\/jpg\" media=\"(max-width: 728px)\" \/><source srcset=\"https:\/\/tn.com.ar\/resizer\/v2\/la-mujer-fue-agredida-en-medio-de-un-robo-foto-facebook-lorena-pizzi-2LKPVTKRCJCDDOY5I4G6DVUBZA.jpg?auth=918c9cd11e9b4c3d5fa8deee8eee1caf6597ae5c7bf7920b8afeaaec4e325f93&amp;width=1023\" type=\"image\/jpg\" media=\"(max-width: 1023px)\" \/><source srcset=\"https:\/\/tn.com.ar\/resizer\/v2\/la-mujer-fue-agredida-en-medio-de-un-robo-foto-facebook-lorena-pizzi-2LKPVTKRCJCDDOY5I4G6DVUBZA.jpg?auth=918c9cd11e9b4c3d5fa8deee8eee1caf6597ae5c7bf7920b8afeaaec4e325f93&amp;width=1440\" type=\"image\/jpg\" \/><\/picture><\/div><figcaption class=\"caption_image\" data-testid=\"figcaption-testid\">\n<div class=\"image_caption \">La mujer fue agredida en medio de un robo. (Foto: Facebook Lorena Pizzi)<\/div>\n<\/figcaption><\/figure>\n<p class=\"paragraph font__body-regular\">R\u00e1pidamente, la trasladaron al Hospital Zonal General Nuestra Se\u00f1ora de Luj\u00e1n, donde le diagnosticaron un\u00a0<b>derrame cerebral y fracturas en las dos piernas y los dos brazos<\/b>, adem\u00e1s de politraumatismos en otras partes del cuerpo. Por la gravedad de las heridas, decidieron derivarla al Sanatorio Modelo de Caseros, donde permanece internada.<\/p>\n<p class=\"paragraph font__body-regular\">La causa por el ataque a la pastora qued\u00f3 en manos de la UFI N\u00b09 descentralizada de Luj\u00e1n, del departamento judicial de Mercedes, a cargo de la fiscal Mariana Su\u00e1rez. El caso fue caratulado como<b>\u00a0robo agravado, lesiones graves y encubrimiento.<\/b><\/p>\n<p class=\"paragraph font__body-regular\" data-mrf-recirculation=\"Le\u00e9 tambi\u00e9n\"><i><b>Le\u00e9 tambi\u00e9n:\u00a0<\/b><\/i><a title=\"Tiroteo y p\u00e1nico en Lan\u00fas: una mujer polic\u00eda fue baleada por tres ladrones y est\u00e1 internada en terapia\" href=\"https:\/\/tn.com.ar\/policiales\/2025\/12\/11\/tiroteo-y-panico-en-lanus-una-mujer-policia-fue-baleada-por-tres-ladrones-y-esta-internada-en-terapia\/\" data-mrf-link=\"https:\/\/tn.com.ar\/policiales\/2025\/12\/11\/tiroteo-y-panico-en-lanus-una-mujer-policia-fue-baleada-por-tres-ladrones-y-esta-internada-en-terapia\/\"><i><b>Tiroteo y p\u00e1nico en Lan\u00fas: una mujer polic\u00eda fue baleada por tres ladrones y est\u00e1 internada en terapia<\/b><\/i><\/a><\/p>\n<p class=\"paragraph font__body-regular\">Mientras avanzaba la investigaci\u00f3n, la Polic\u00eda Bonaerense realiz\u00f3 un operativo cerrojo y as\u00ed pudo dar con los dos sospechosos del robo, identificados como G.J.A, de 31 a\u00f1os, y N.K.E., de 19, quienes circulaban en una moto marca Zanella 150CC sin patente y que ten\u00eda<b>\u00a0pedido de secuestro activo por robo agravado<\/b>. Tras la identificaci\u00f3n, ambos sospechosos quedaron\u00a0<b>detenidos<\/b>.<\/p>\n<figure class=\"\" data-testid=\"figure-testid\">\n<div class=\"aspect_ratio__container\"><picture class=\"responsive-image\"><source srcset=\"https:\/\/tn.com.ar\/resizer\/v2\/los-delincuentres-fueron-detenidos-foto-la-voz-y-la-palabra--XKLKQLQ4KFGGLMSS5WA6H4SHO4.jpg?auth=4fd80ee52f24fb4eb68a777aad037c7d55a4e587c9aeb9998d27b4ec58cc2350&amp;width=767\" type=\"image\/jpg\" media=\"(max-width: 728px)\" \/><source srcset=\"https:\/\/tn.com.ar\/resizer\/v2\/los-delincuentres-fueron-detenidos-foto-la-voz-y-la-palabra--XKLKQLQ4KFGGLMSS5WA6H4SHO4.jpg?auth=4fd80ee52f24fb4eb68a777aad037c7d55a4e587c9aeb9998d27b4ec58cc2350&amp;width=1023\" type=\"image\/jpg\" media=\"(max-width: 1023px)\" \/><source srcset=\"https:\/\/tn.com.ar\/resizer\/v2\/los-delincuentres-fueron-detenidos-foto-la-voz-y-la-palabra--XKLKQLQ4KFGGLMSS5WA6H4SHO4.jpg?auth=4fd80ee52f24fb4eb68a777aad037c7d55a4e587c9aeb9998d27b4ec58cc2350&amp;width=1440\" type=\"image\/jpg\" \/><img loading=\"lazy\" decoding=\"async\" class=\"image content-image image_placeholder\" src=\"https:\/\/tn.com.ar\/resizer\/v2\/los-delincuentres-fueron-detenidos-foto-la-voz-y-la-palabra--XKLKQLQ4KFGGLMSS5WA6H4SHO4.jpg?auth=4fd80ee52f24fb4eb68a777aad037c7d55a4e587c9aeb9998d27b4ec58cc2350&amp;width=767\" alt=\"Los delincuentres fueron detenidos. (Foto:  La Voz y La Palabra)\n \u00b7\" width=\"767\" height=\"430\" data-testid=\"loading-testid\" \/><\/picture><\/div><figcaption class=\"caption_image\" data-testid=\"figcaption-testid\">\n<div class=\"image_caption \">Los delincuentres fueron detenidos. (Foto: La Voz y La Palabra) \u00b7<\/div>\n<\/figcaption><\/figure>\n<p class=\"paragraph font__body-regular\">A causa del delicado estado de salud de la pastora, en las redes familiares y amigos realizan una\u00a0<b>cadena de oraci\u00f3n para pedir por su mejora<\/b>: \u201cUsted es fuerte Lorena Pizzi. Ac\u00e1 todos orando por usted\u201d, escribi\u00f3 una mujer y sum\u00f3: \u201cDios es fiel. Reina ac\u00e1. Todos esperamos su pronta recuperaci\u00f3n. Se la quiere mucho\u201d.<\/p>\n<\/div>\n","protected":false},"excerpt":{"rendered":"<p>Lorena Pizzi est\u00e1 internada en terapia intensiva. Tambi\u00e9n tiene quebraduras en brazos y piernas. Hay dos sospechosos detenidos. Dos delincuentes\u00a0le quisieron robar la cartera\u00a0a una pastora\u00a0evang\u00e9lica cuando viajaba en moto: la mujer perdi\u00f3 el equilibrio,\u00a0cay\u00f3 del veh\u00edculo y est\u00e1 grave. El violento episodio ocurri\u00f3 d\u00edas atr\u00e1s en el cruce de la Ruta 5 y Colectora [&hellip;]<\/p>\n","protected":false},"author":2,"featured_media":28430,"comment_status":"open","ping_status":"open","sticky":false,"template":"","format":"standard","meta":{"footnotes":""},"categories":[77],"tags":[],"class_list":{"0":"post-28429","1":"post","2":"type-post","3":"status-publish","4":"format-standard","5":"has-post-thumbnail","7":"category-nacionales"},"_links":{"self":[{"href":"https:\/\/radiobitacora.com.ar\/web\/wp-json\/wp\/v2\/posts\/28429","targetHints":{"allow":["GET"]}}],"collection":[{"href":"https:\/\/radiobitacora.com.ar\/web\/wp-json\/wp\/v2\/posts"}],"about":[{"href":"https:\/\/radiobitacora.com.ar\/web\/wp-json\/wp\/v2\/types\/post"}],"author":[{"embeddable":true,"href":"https:\/\/radiobitacora.com.ar\/web\/wp-json\/wp\/v2\/users\/2"}],"replies":[{"embeddable":true,"href":"https:\/\/radiobitacora.com.ar\/web\/wp-json\/wp\/v2\/comments?post=28429"}],"version-history":[{"count":0,"href":"https:\/\/radiobitacora.com.ar\/web\/wp-json\/wp\/v2\/posts\/28429\/revisions"}],"wp:featuredmedia":[{"embeddable":true,"href":"https:\/\/radiobitacora.com.ar\/web\/wp-json\/wp\/v2\/media\/28430"}],"wp:attachment":[{"href":"https:\/\/radiobitacora.com.ar\/web\/wp-json\/wp\/v2\/media?parent=28429"}],"wp:term":[{"taxonomy":"category","embeddable":true,"href":"https:\/\/radiobitacora.com.ar\/web\/wp-json\/wp\/v2\/categories?post=28429"},{"taxonomy":"post_tag","embeddable":true,"href":"https:\/\/radiobitacora.com.ar\/web\/wp-json\/wp\/v2\/tags?post=28429"}],"curies":[{"name":"wp","href":"https:\/\/api.w.org\/{rel}","templated":true}]}}