{"id":28435,"date":"2025-12-15T09:31:24","date_gmt":"2025-12-15T12:31:24","guid":{"rendered":"https:\/\/radiobitacora.com.ar\/web\/?p=28435"},"modified":"2025-12-15T09:32:32","modified_gmt":"2025-12-15T12:32:32","slug":"jose-antonio-kast-es-el-presidente-electo-de-chile-tras-una-aplastante-victoria-sobre-jeannette-jara-en-el-balotaje","status":"publish","type":"post","link":"https:\/\/radiobitacora.com.ar\/web\/2025\/12\/15\/jose-antonio-kast-es-el-presidente-electo-de-chile-tras-una-aplastante-victoria-sobre-jeannette-jara-en-el-balotaje\/","title":{"rendered":"JOS\u00c9 ANTONIO KAST ES EL PRESIDENTE ELECTO DE CHILE TRAS UNA APLASTANTE VICTORIA SOBRE JEANNETTE JARA EN EL BALOTAJE"},"content":{"rendered":"<header class=\"article-header-wrapper\">\n<div class=\"article-header with-follow-button-ctn\">\n<h1 id=\"jose-antonio-kast-es-el-presidente-electo-de-chile-tras-una-aplastante-victoria-sobre-jeannette-jara-en-el-balotaje\" class=\"display-block article-headline text_align_left\">Jos\u00e9 Antonio Kast es el presidente electo de Chile tras una aplastante victoria sobre Jeannette Jara en el balotaje<\/h1>\n<h2 class=\"article-subheadline text_align_left\">El l\u00edder republicano se alz\u00f3 con casi el 60% de los votos y asumir\u00e1 el 11 de marzo de 2026<\/h2>\n<div class=\"display_flex align_items_center flex_row byline follow-button-ctn has-author byline-correspondent\">\n<div>\n<div class=\"display_flex byline-image-ctn\">\n<div class=\"author-image-header\">\n<div class=\"\"><picture><source srcset=\"https:\/\/www.infobae.com\/resizer\/v2\/https%3A%2F%2Fs3.amazonaws.com%2Farc-authors%2Finfobae%2F9428ddd2-8629-4f31-9d48-2527e6930abd.png?auth=17be88e05b5b6eb87acd8e05169436fff4cf65857b96cf9cf09a8132cce76f6f&amp;smart=true&amp;width=40&amp;height=40&amp;quality=85\" media=\"(min-width: 80px)\" \/><img loading=\"lazy\" decoding=\"async\" class=\"global-image byline-author-image\" src=\"https:\/\/www.infobae.com\/resizer\/v2\/https%3A%2F%2Fs3.amazonaws.com%2Farc-authors%2Finfobae%2F9428ddd2-8629-4f31-9d48-2527e6930abd.png?auth=17be88e05b5b6eb87acd8e05169436fff4cf65857b96cf9cf09a8132cce76f6f&amp;smart=true&amp;width=40&amp;height=40&amp;quality=85\" alt=\"Mauricio Palazzo\" width=\"1\" height=\"1\" \/><\/picture><\/div>\n<\/div>\n<\/div>\n<\/div>\n<\/div>\n<\/div>\n<\/header>\n<article class=\"article\">\n<div class=\"body-article \">\n<div class=\"visual__image image-initial-width\"><picture><source srcset=\"https:\/\/www.infobae.com\/resizer\/v2\/TNAMHFENDBGL3IGM2KLIR35HVU.jpg?auth=e756d1d95b869ef6a6a0f6459875993cef908deb4cadb23d7e5ac45d3317ddaf&amp;smart=true&amp;width=992&amp;height=661&amp;quality=85\" media=\"(min-width: 1000px)\" \/><source srcset=\"https:\/\/www.infobae.com\/resizer\/v2\/TNAMHFENDBGL3IGM2KLIR35HVU.jpg?auth=e756d1d95b869ef6a6a0f6459875993cef908deb4cadb23d7e5ac45d3317ddaf&amp;smart=true&amp;width=768&amp;height=512&amp;quality=85\" media=\"(min-width: 768px)\" \/><source srcset=\"https:\/\/www.infobae.com\/resizer\/v2\/TNAMHFENDBGL3IGM2KLIR35HVU.jpg?auth=e756d1d95b869ef6a6a0f6459875993cef908deb4cadb23d7e5ac45d3317ddaf&amp;smart=true&amp;width=577&amp;height=385&amp;quality=85\" media=\"(min-width: 580px)\" \/><source srcset=\"https:\/\/www.infobae.com\/resizer\/v2\/TNAMHFENDBGL3IGM2KLIR35HVU.jpg?auth=e756d1d95b869ef6a6a0f6459875993cef908deb4cadb23d7e5ac45d3317ddaf&amp;smart=true&amp;width=420&amp;height=280&amp;quality=85\" media=\"(min-width: 350px)\" \/><source srcset=\"https:\/\/www.infobae.com\/resizer\/v2\/TNAMHFENDBGL3IGM2KLIR35HVU.jpg?auth=e756d1d95b869ef6a6a0f6459875993cef908deb4cadb23d7e5ac45d3317ddaf&amp;smart=true&amp;width=350&amp;height=233&amp;quality=85\" media=\"(min-width: 80px)\" \/><\/picture>Kast lleg\u00f3 al poder gracias un discurso marcado por el combate a la crisis de seguridad que sacude al pa\u00eds, la expulsi\u00f3n de mas de 300 mil inmigrantes ilegales, el cierre de la frontera norte y el repunte de la econom\u00eda.<\/div>\n<p class=\"paragraph\" data-mrf-recirculation=\"Links inline\">Tal como lo preve\u00edan todas las encuestas y los analistas -aunque con un margen a\u00fan m\u00e1s amplio-, el abanderado de la derecha chilena en pleno,\u00a0<b>Jos\u00e9 Antonio Kast<\/b>, logr\u00f3 este domingo casi el\u00a0<b>60%\u00a0<\/b>de los votos en el balotaje presidencial contra la carta del oficialismo,\u00a0<b>Jeannette Jara (poco m\u00e1s del 40%)<\/b>, erigi\u00e9ndose as\u00ed como el nuevo Presidente electo de la Rep\u00fablica.<\/p>\n<div class=\"news-module\" data-mrf-recirculation=\"IL_GBLs3HYWRq2RgU4Qz8MM1Q\" data-testid=\"text-html\" data-mrf-experience=\"IL_GBLs3HYWRq2RgU4Qz8MM1Q\">\n<div class=\"recommended-card__image-container\"><img loading=\"lazy\" decoding=\"async\" class=\"recommended-card__image lazyload\" src=\"https:\/\/www.infobae.com\/resizer\/v2\/ZE5XQGSIPGEWSMFUMBBZMRKT5Y.jpg?auth=8eaa130b8b5355cff7b0180391a1beff4948ffaca9062732a5654d6101598b2d&amp;smart=true&amp;width=256&amp;height=140&amp;quality=85\" sizes=\"auto, (min-width: 800px) 50vw, 90vw\" alt=\"El r\u00e9gimen cubano empieza a sentir los efectos de la crisis: el Partido Comunista posterg\u00f3 su noveno congreso\" width=\"284\" height=\"160\" data-src=\"https:\/\/www.infobae.com\/resizer\/v2\/ZE5XQGSIPGEWSMFUMBBZMRKT5Y.jpg?auth=8eaa130b8b5355cff7b0180391a1beff4948ffaca9062732a5654d6101598b2d&amp;smart=true&amp;width=256&amp;height=140&amp;quality=85\" \/><\/div>\n<div class=\"recommended-card__info\">\n<p><span class=\"recommended-card__info-interest-you\">Te puede interesar:<\/span><span class=\"recommended-card__info-title\">El r\u00e9gimen cubano empieza a sentir los efectos de la crisis: el Partido Comunista posterg\u00f3 su noveno congreso<\/span><\/p>\n<div class=\"recommended-card__info-button recommended-card__info-button--deportes\"><\/div>\n<\/div>\n<\/div>\n<p class=\"paragraph\" data-mrf-recirculation=\"Links inline\">Las cifras se dieron a conocer de manera preliminar poco antes de las 20:00, hora local, con el\u00a0<b>57,44%\u00a0<\/b>de las\u00a0<b>mesas escrutadas<\/b>, y a pesar de que m\u00e1s de\u00a0<b>15,7 millones<\/b>\u00a0de chilenos fueron a sufragar de manera obligatoria, los comicios se desarrollaron con\u00a0<b>relativa normalidad\u00a0<\/b>y solo en algunos centros de votaci\u00f3n santiaguinos se reportaron algunas filas<b>\u00a0<\/b>y uno que otro reclamo entre los votantes y los vocales de mesa.<\/p>\n<div class=\"inline ad-wrapper\">\n<div class=\"dfpAd ad-inline\"><\/div>\n<\/div>\n<p class=\"paragraph\" data-mrf-recirculation=\"Links inline\">\u201cAdem\u00e1s,\u00a0<b>elegir entre solo dos opciones hizo que el proceso eleccionario fuera mucho m\u00e1s expedito\u201d<\/b>, se\u00f1al\u00f3 a\u00a0<i>Infobae\u00a0<\/i>un vocal de mesa en el Liceo de Aplicaci\u00f3n de Santiago, quien cumpl\u00eda por tercera vez con la responsabilidad de entregar los votos y velar por su correcto conteo.<\/p>\n<div class=\"news-module\" data-mrf-recirculation=\"IL_m3kiGo-8SVS6m0U7OqrZLw\" data-testid=\"text-html\" data-mrf-experience=\"IL_m3kiGo-8SVS6m0U7OqrZLw\">\n<div class=\"recommended-card__image-container\"><img loading=\"lazy\" decoding=\"async\" class=\"recommended-card__image lazyload\" src=\"https:\/\/www.infobae.com\/resizer\/v2\/VREO5CBCUNGCVN33CVRLOXETTU.JPG?auth=494022dc6f4ec555fba211c3c793e2b04c35edde7c3fbb8b2e2c4ff3e0d0fcb8&amp;smart=true&amp;width=256&amp;height=140&amp;quality=85\" sizes=\"auto, (min-width: 800px) 50vw, 90vw\" alt=\"L\u00edderes internacionales felicitaron a Jos\u00e9 Antonio Kast por su contundente victoria en las elecciones de Chile\" width=\"332\" height=\"187\" data-src=\"https:\/\/www.infobae.com\/resizer\/v2\/VREO5CBCUNGCVN33CVRLOXETTU.JPG?auth=494022dc6f4ec555fba211c3c793e2b04c35edde7c3fbb8b2e2c4ff3e0d0fcb8&amp;smart=true&amp;width=256&amp;height=140&amp;quality=85\" \/><\/div>\n<div class=\"recommended-card__info\">\n<p><span class=\"recommended-card__info-interest-you\">Te puede interesar:<\/span><span class=\"recommended-card__info-title\">L\u00edderes internacionales felicitaron a Jos\u00e9 Antonio Kast por su contundente victoria en las elecciones de Chile<\/span><\/p>\n<div class=\"recommended-card__info-button recommended-card__info-button--deportes\"><\/div>\n<\/div>\n<\/div>\n<p class=\"paragraph\" data-mrf-recirculation=\"Links inline\">El l\u00edder del Partido Republicano, que asumir\u00e1 su cargo el\u00a0<b>11 de marzo de 2026<\/b>, esper\u00f3 los resultados en la sede de su colectividad en la comuna santiaguina de Las Condes, hasta donde llegaron personeros de\u00a0<b>Chile Vamos, Dem\u00f3cratas, Amarillos, socialcristianos y libertarios,<\/b>\u00a0quienes lo apoyaron en este balotaje.<\/p>\n<div class=\"inline_2_DSK ad-wrapper ad-desktop\">\n<div class=\"dfpAd ad-inline\"><\/div>\n<\/div>\n<p class=\"paragraph\" data-mrf-recirculation=\"Links inline\">All\u00ed recibi\u00f3 el llamado de\u00a0<b>felicitaciones de Jara<\/b>\u00a0y tambi\u00e9n el saludo protocolar del presidente\u00a0<b>Gabriel Boric<\/b>\u00a0-que fue transmitido por se\u00f1al abierta-, mientras celebraba junto a su familia y equipo de campa\u00f1a. Se esperaba que pasadas las 21 horas diera un discurso en un escenario montado en calle Presidente Err\u00e1zuriz detr\u00e1s del\u00a0<b>vidrio blindado<\/b>\u00a0que ha utilizado en las \u00faltimas semanas.<\/p>\n<div class=\"news-module\" data-mrf-recirculation=\"IL_wLyG9sjfRQKb8QO3fSLumw\" data-testid=\"text-html\" data-mrf-experience=\"IL_wLyG9sjfRQKb8QO3fSLumw\">\n<div class=\"recommended-card__image-container\"><img loading=\"lazy\" decoding=\"async\" class=\"recommended-card__image lazyload\" src=\"https:\/\/www.infobae.com\/resizer\/v2\/2OJKSITMNVGLFC7WVOTZ5K7GQQ.JPG?auth=a77135a9a71e78dac554f9426721d4850777bf514f27c3e329b81b4f39cb31da&amp;smart=true&amp;width=258&amp;height=140&amp;quality=85\" sizes=\"auto, (min-width: 800px) 50vw, 90vw\" alt=\"Chile elige a su nuevo presidente bajo un clima de polarizaci\u00f3n y de un alto rechazo al Gobierno de Boric\" width=\"379\" height=\"213\" data-src=\"https:\/\/www.infobae.com\/resizer\/v2\/2OJKSITMNVGLFC7WVOTZ5K7GQQ.JPG?auth=a77135a9a71e78dac554f9426721d4850777bf514f27c3e329b81b4f39cb31da&amp;smart=true&amp;width=258&amp;height=140&amp;quality=85\" \/><\/div>\n<div class=\"recommended-card__info\">\n<p><span class=\"recommended-card__info-interest-you\">Te puede interesar:<\/span><span class=\"recommended-card__info-title\">Chile elige a su nuevo presidente bajo un clima de polarizaci\u00f3n y de un alto rechazo al Gobierno de Boric<\/span><\/p>\n<div class=\"recommended-card__info-button recommended-card__info-button--deportes\"><\/div>\n<\/div>\n<\/div>\n<p class=\"paragraph\" data-mrf-recirculation=\"Links inline\">Jeannette Jara, en tanto, vot\u00f3 temprano en la comuna de Conchal\u00ed acompa\u00f1ada de su familia, almorz\u00f3 con su hijo, trat\u00f3 de\u00a0<b>\u201cdormir una siestecita\u201d<\/b>\u00a0y para el conteo de los votos lleg\u00f3 a su centro de operaciones en el\u00a0<b>Hotel Fundador,<\/b>\u00a0ubicado en el barrio Par\u00eds-Londres del centro capitalino.<\/p>\n<div class=\"visual__image\"><picture><source srcset=\"https:\/\/www.infobae.com\/resizer\/v2\/W2RDQ4UWYZEQBJDAY36HTYQXLM.JPG?auth=6f6fbafbcd281ad5c17ee94b3f2bf2cd37679e659373f7907f1a985697e669a7&amp;smart=true&amp;width=992&amp;height=661&amp;quality=85\" media=\"(min-width: 1000px)\" \/><source srcset=\"https:\/\/www.infobae.com\/resizer\/v2\/W2RDQ4UWYZEQBJDAY36HTYQXLM.JPG?auth=6f6fbafbcd281ad5c17ee94b3f2bf2cd37679e659373f7907f1a985697e669a7&amp;smart=true&amp;width=768&amp;height=512&amp;quality=85\" media=\"(min-width: 768px)\" \/><source srcset=\"https:\/\/www.infobae.com\/resizer\/v2\/W2RDQ4UWYZEQBJDAY36HTYQXLM.JPG?auth=6f6fbafbcd281ad5c17ee94b3f2bf2cd37679e659373f7907f1a985697e669a7&amp;smart=true&amp;width=577&amp;height=385&amp;quality=85\" media=\"(min-width: 580px)\" \/><source srcset=\"https:\/\/www.infobae.com\/resizer\/v2\/W2RDQ4UWYZEQBJDAY36HTYQXLM.JPG?auth=6f6fbafbcd281ad5c17ee94b3f2bf2cd37679e659373f7907f1a985697e669a7&amp;smart=true&amp;width=420&amp;height=280&amp;quality=85\" media=\"(min-width: 350px)\" \/><source srcset=\"https:\/\/www.infobae.com\/resizer\/v2\/W2RDQ4UWYZEQBJDAY36HTYQXLM.JPG?auth=6f6fbafbcd281ad5c17ee94b3f2bf2cd37679e659373f7907f1a985697e669a7&amp;smart=true&amp;width=350&amp;height=233&amp;quality=85\" media=\"(min-width: 80px)\" \/><img loading=\"lazy\" decoding=\"async\" class=\"global-image\" src=\"https:\/\/www.infobae.com\/resizer\/v2\/W2RDQ4UWYZEQBJDAY36HTYQXLM.JPG?auth=6f6fbafbcd281ad5c17ee94b3f2bf2cd37679e659373f7907f1a985697e669a7&amp;smart=true&amp;width=350&amp;height=233&amp;quality=85\" alt=\"Partidarios de Jos\u00e9 Antonio Kast\" width=\"5000\" height=\"3333\" \/><\/picture>Partidarios de Jos\u00e9 Antonio Kast celebran su victoria a la espera de su discurso de cierre.<\/div>\n<h2 class=\"header headline-class-h2 headline\">Las claves de su discurso<\/h2>\n<p class=\"paragraph\" data-mrf-recirculation=\"Links inline\">El discurso que llev\u00f3 a Kast al poder, a\u00a0<i>grosso modo,\u00a0<\/i>estuvo marcado por el\u00a0<b>combate a la crisis de seguridad que sacude al pa\u00eds,<\/b>\u00a0<b>la expulsi\u00f3n de mas de 300 mil inmigrantes ilegales, el cierre de la frontera norte y el<\/b>\u00a0<b>repunte de la econom\u00eda<\/b>.<\/p>\n<p class=\"paragraph\" data-mrf-recirculation=\"Links inline\">Sin embargo, aunque su propio programa se\u00f1ala la posibilidad de suspender la\u00a0<b>Ley de 40 horas\u00a0<\/b>para las peque\u00f1as y medianas empresas -ley promulgada en el gobierno de Boric por Jeannette Jara, quien era ministra de Trabajo-, en el \u00faltimo debate televisivo con la militante comunista\u00a0<b>tuvo que prometer que no tocar\u00e1 dicha ley ni otros beneficios sociales como<\/b>\u00a0<b>el aumento del sueldo m\u00ednimo, la indemnizaci\u00f3n a los trabajadores por a\u00f1os de servicio y la pensi\u00f3n de los jubilados (PGU).<\/b><\/p>\n<p class=\"paragraph\" data-mrf-recirculation=\"Links inline\">Cabe destacar que seg\u00fan el \u00faltimo sondeo de\u00a0<i>Ipsos<\/i>\u00a0en octubre,\u00a0<b>el 63%\u00a0<\/b>de los chilenos afirm\u00f3 que el\u00a0<b>crimen y la violencia\u00a0<\/b>son su<b>\u00a0<\/b>mayor preocupaci\u00f3n,<b>\u00a0<\/b>seguidos por el<b>\u00a0bajo crecimiento econ\u00f3mico<\/b>\u00a0<b>y la crisis migratoria<\/b>.<\/p>\n<p class=\"paragraph\" data-mrf-recirculation=\"Links inline\">En la \u00faltima d\u00e9cada, los<b>\u00a0homicidios se duplicaron<\/b>\u00a0y aunque est\u00e1n en baja hace dos a\u00f1os, s\u00ed existe un\u00a0<b>alza en cr\u00edmenes violentos<\/b>\u00a0como el secuestro y la extorsi\u00f3n, delitos antes poco conocidos en el pa\u00eds que llegaron de la mano del venezolano\u00a0<b>Tren de Aragua<\/b>\u00a0y otras bandas colombianas y peruanas.<\/p>\n<p class=\"paragraph\" data-mrf-recirculation=\"Links inline\">En los debates que particip\u00f3,\u00a0<b>tampoco supo explicar claramente c\u00f3mo piensa expulsar a los 330 mil inmigrantes ilegales que viven en el pa\u00eds,<\/b>\u00a0asegurando que los \u201cinvitar\u00e1 a irse\u201d para que vuelvan de manera legal, o \u201ctendr\u00e1n que irse con su ropa puesta\u201d.<\/p>\n<div class=\"visual__image\"><picture><source srcset=\"https:\/\/www.infobae.com\/resizer\/v2\/G23LV3L335B7RBQEEQN7UJDMNQ.JPG?auth=2fe45307bcce2700bbc3323a32371655266e902887ae89fe4cc6bb7edfda8c83&amp;smart=true&amp;width=992&amp;height=661&amp;quality=85\" media=\"(min-width: 1000px)\" \/><source srcset=\"https:\/\/www.infobae.com\/resizer\/v2\/G23LV3L335B7RBQEEQN7UJDMNQ.JPG?auth=2fe45307bcce2700bbc3323a32371655266e902887ae89fe4cc6bb7edfda8c83&amp;smart=true&amp;width=768&amp;height=512&amp;quality=85\" media=\"(min-width: 768px)\" \/><source srcset=\"https:\/\/www.infobae.com\/resizer\/v2\/G23LV3L335B7RBQEEQN7UJDMNQ.JPG?auth=2fe45307bcce2700bbc3323a32371655266e902887ae89fe4cc6bb7edfda8c83&amp;smart=true&amp;width=577&amp;height=385&amp;quality=85\" media=\"(min-width: 580px)\" \/><source srcset=\"https:\/\/www.infobae.com\/resizer\/v2\/G23LV3L335B7RBQEEQN7UJDMNQ.JPG?auth=2fe45307bcce2700bbc3323a32371655266e902887ae89fe4cc6bb7edfda8c83&amp;smart=true&amp;width=420&amp;height=280&amp;quality=85\" media=\"(min-width: 350px)\" \/><source srcset=\"https:\/\/www.infobae.com\/resizer\/v2\/G23LV3L335B7RBQEEQN7UJDMNQ.JPG?auth=2fe45307bcce2700bbc3323a32371655266e902887ae89fe4cc6bb7edfda8c83&amp;smart=true&amp;width=350&amp;height=233&amp;quality=85\" media=\"(min-width: 80px)\" \/><img loading=\"lazy\" decoding=\"async\" class=\"global-image\" src=\"https:\/\/www.infobae.com\/resizer\/v2\/G23LV3L335B7RBQEEQN7UJDMNQ.JPG?auth=2fe45307bcce2700bbc3323a32371655266e902887ae89fe4cc6bb7edfda8c83&amp;smart=true&amp;width=350&amp;height=233&amp;quality=85\" alt=\"La decepci\u00f3n entre los seguidores\" width=\"5384\" height=\"3589\" \/><\/picture>La decepci\u00f3n entre los seguidores de Jeannette Jara tras los primeros c\u00f3mputos era evidente.<\/div>\n<h2 class=\"header headline-class-h2 headline\">Kast y el giro en las relaciones internacionales<\/h2>\n<p class=\"paragraph\" data-mrf-recirculation=\"Links inline\">Por la ma\u00f1ana, despu\u00e9s de votar, el flamante nuevo mandatario dio luces acerca de su futura relaci\u00f3n con el resto de Am\u00e9rica Latina y revel\u00f3 que su par argentino,\u00a0<b>Javier Milei,<\/b>\u00a0lo llam\u00f3 cuando pas\u00f3 a la segunda vuelta, admitiendo tener con \u00e9l m\u00e1s de un punto en com\u00fan.<\/p>\n<p class=\"paragraph\" data-mrf-recirculation=\"Links inline\"><b>\u201cNosotros esperamos tener la mejor relaci\u00f3n con todos nuestros vecinos<\/b>. Creo que se han ido dando situaciones, que no estaban dentro de lo que nosotros pod\u00edamos resolver, como los\u00a0<b>cambios pol\u00edticos que ha tenido Bolivia, el cambio pol\u00edtico que se le va a dar a lo mejor de aqu\u00ed a un a\u00f1o en la estabilidad en Per\u00fa, y con Argentina vamos a tratar de generar las mejores relaciones\u201d,\u00a0<\/b>sostuvo en un punto de prensa despu\u00e9s de votar.<\/p>\n<p class=\"paragraph\" data-mrf-recirculation=\"Links inline\"><b>\u201cYo conozco al presidente Milei, conozco a muchos de los parlamentarios que trabajan con \u00e9l (&#8230;)<\/b>\u00a0<b>Conversamos el d\u00eda que yo pas\u00e9 a la segunda vuelta y<\/b>\u00a0<b>tenemos grandes sue\u00f1os para que a nuestros conciudadanos les vaya bien\u201d,<\/b><\/p>\n<p class=\"paragraph\" data-mrf-recirculation=\"Links inline\">De paso, destac\u00f3 la sinergia que existe entre ambos pa\u00edses.<\/p>\n<p class=\"paragraph\" data-mrf-recirculation=\"Links inline\"><b>\u201cEllos tienen muchas condiciones para producir mucho y nosotros tenemos muchas condiciones para prestarle un servicio porque somos la cara hacia el Asia Pac\u00edfico\u201d,<\/b>\u00a0sostuvo.<\/p>\n<\/div>\n<\/article>\n","protected":false},"excerpt":{"rendered":"<p>Jos\u00e9 Antonio Kast es el presidente electo de Chile tras una aplastante victoria sobre Jeannette Jara en el balotaje El l\u00edder republicano se alz\u00f3 con casi el 60% de los votos y asumir\u00e1 el 11 de marzo de 2026 Kast lleg\u00f3 al poder gracias un discurso marcado por el combate a la crisis de seguridad [&hellip;]<\/p>\n","protected":false},"author":2,"featured_media":28436,"comment_status":"open","ping_status":"open","sticky":false,"template":"","format":"standard","meta":{"footnotes":""},"categories":[79],"tags":[],"class_list":{"0":"post-28435","1":"post","2":"type-post","3":"status-publish","4":"format-standard","5":"has-post-thumbnail","7":"category-politica"},"_links":{"self":[{"href":"https:\/\/radiobitacora.com.ar\/web\/wp-json\/wp\/v2\/posts\/28435","targetHints":{"allow":["GET"]}}],"collection":[{"href":"https:\/\/radiobitacora.com.ar\/web\/wp-json\/wp\/v2\/posts"}],"about":[{"href":"https:\/\/radiobitacora.com.ar\/web\/wp-json\/wp\/v2\/types\/post"}],"author":[{"embeddable":true,"href":"https:\/\/radiobitacora.com.ar\/web\/wp-json\/wp\/v2\/users\/2"}],"replies":[{"embeddable":true,"href":"https:\/\/radiobitacora.com.ar\/web\/wp-json\/wp\/v2\/comments?post=28435"}],"version-history":[{"count":0,"href":"https:\/\/radiobitacora.com.ar\/web\/wp-json\/wp\/v2\/posts\/28435\/revisions"}],"wp:featuredmedia":[{"embeddable":true,"href":"https:\/\/radiobitacora.com.ar\/web\/wp-json\/wp\/v2\/media\/28436"}],"wp:attachment":[{"href":"https:\/\/radiobitacora.com.ar\/web\/wp-json\/wp\/v2\/media?parent=28435"}],"wp:term":[{"taxonomy":"category","embeddable":true,"href":"https:\/\/radiobitacora.com.ar\/web\/wp-json\/wp\/v2\/categories?post=28435"},{"taxonomy":"post_tag","embeddable":true,"href":"https:\/\/radiobitacora.com.ar\/web\/wp-json\/wp\/v2\/tags?post=28435"}],"curies":[{"name":"wp","href":"https:\/\/api.w.org\/{rel}","templated":true}]}}