{"id":28439,"date":"2025-12-15T09:53:32","date_gmt":"2025-12-15T12:53:32","guid":{"rendered":"https:\/\/radiobitacora.com.ar\/web\/?p=28439"},"modified":"2025-12-15T09:53:32","modified_gmt":"2025-12-15T12:53:32","slug":"art-expo-2025","status":"publish","type":"post","link":"https:\/\/radiobitacora.com.ar\/web\/2025\/12\/15\/art-expo-2025\/","title":{"rendered":"ART EXPO 2025"},"content":{"rendered":"<p style=\"font-weight: 400;\">\n<p style=\"font-weight: 400;\">\u201cDescubriendo La Carbonilla\u201d<\/p>\n<p style=\"font-weight: 400;\">\n<p style=\"font-weight: 400;\">Esta es la propuesta art\u00edstica para el domingo 14 de diciembre, desde las 19 horas en Casa de la Cultura.<\/p>\n<p style=\"font-weight: 400;\">La exposici\u00f3n art\u00edstica invita a conocer el trabajo realizado durante el taller de \u201ccarbonilla\u201d, donde cada trazo cuenta una historia y cada obra refleja el crecimiento creativo de los estudiantes.<\/p>\n<p style=\"font-weight: 400;\">La invitaci\u00f3n es para la apertura de la muestra, el domingo 14 a las 19 horas, en Casa de la Cultura.<\/p>\n<p style=\"font-weight: 400;\">\n<p style=\"font-weight: 400;\">Direcci\u00f3n de Prensa-Municipalidad de Goya<\/p>\n","protected":false},"excerpt":{"rendered":"<p>\u201cDescubriendo La Carbonilla\u201d Esta es la propuesta art\u00edstica para el domingo 14 de diciembre, desde las 19 horas en Casa de la Cultura. La exposici\u00f3n art\u00edstica invita a conocer el trabajo realizado durante el taller de \u201ccarbonilla\u201d, donde cada trazo cuenta una historia y cada obra refleja el crecimiento creativo de los estudiantes. La invitaci\u00f3n [&hellip;]<\/p>\n","protected":false},"author":2,"featured_media":28440,"comment_status":"open","ping_status":"open","sticky":false,"template":"","format":"standard","meta":{"footnotes":""},"categories":[56],"tags":[],"class_list":{"0":"post-28439","1":"post","2":"type-post","3":"status-publish","4":"format-standard","5":"has-post-thumbnail","7":"category-locales"},"_links":{"self":[{"href":"https:\/\/radiobitacora.com.ar\/web\/wp-json\/wp\/v2\/posts\/28439","targetHints":{"allow":["GET"]}}],"collection":[{"href":"https:\/\/radiobitacora.com.ar\/web\/wp-json\/wp\/v2\/posts"}],"about":[{"href":"https:\/\/radiobitacora.com.ar\/web\/wp-json\/wp\/v2\/types\/post"}],"author":[{"embeddable":true,"href":"https:\/\/radiobitacora.com.ar\/web\/wp-json\/wp\/v2\/users\/2"}],"replies":[{"embeddable":true,"href":"https:\/\/radiobitacora.com.ar\/web\/wp-json\/wp\/v2\/comments?post=28439"}],"version-history":[{"count":0,"href":"https:\/\/radiobitacora.com.ar\/web\/wp-json\/wp\/v2\/posts\/28439\/revisions"}],"wp:featuredmedia":[{"embeddable":true,"href":"https:\/\/radiobitacora.com.ar\/web\/wp-json\/wp\/v2\/media\/28440"}],"wp:attachment":[{"href":"https:\/\/radiobitacora.com.ar\/web\/wp-json\/wp\/v2\/media?parent=28439"}],"wp:term":[{"taxonomy":"category","embeddable":true,"href":"https:\/\/radiobitacora.com.ar\/web\/wp-json\/wp\/v2\/categories?post=28439"},{"taxonomy":"post_tag","embeddable":true,"href":"https:\/\/radiobitacora.com.ar\/web\/wp-json\/wp\/v2\/tags?post=28439"}],"curies":[{"name":"wp","href":"https:\/\/api.w.org\/{rel}","templated":true}]}}