{"id":28442,"date":"2025-12-15T09:54:25","date_gmt":"2025-12-15T12:54:25","guid":{"rendered":"https:\/\/radiobitacora.com.ar\/web\/?p=28442"},"modified":"2025-12-15T09:55:33","modified_gmt":"2025-12-15T12:55:33","slug":"acto-de-colacion-de-escuela-para-adultos","status":"publish","type":"post","link":"https:\/\/radiobitacora.com.ar\/web\/2025\/12\/15\/acto-de-colacion-de-escuela-para-adultos\/","title":{"rendered":"ACTO DE COLACI\u00d3N DE ESCUELA PARA ADULTOS"},"content":{"rendered":"<p style=\"font-weight: 400;\">El viernes en el local de la Escuela del Barrio San Ram\u00f3n, se realiz\u00f3 el acto de colaci\u00f3n de la Escuela N\u00famero 53 para J\u00f3venes y Adultos \u201cMar\u00eda Chalub\u201d.<\/p>\n<p style=\"font-weight: 400;\">Este espacio educativo tiene la finalidad de promover la terminalidad de la educaci\u00f3n primaria, dicta las clases de lunes a viernes de 19 a 22 horas, en el local de la escuela del Barrio San Ramon.<\/p>\n<p style=\"font-weight: 400;\">La Coordinadora de Discapacidad Liza Kamerichs, en representaci\u00f3n de la Municipalidad de Goya comparti\u00f3 este emotivo momento donde j\u00f3venes y adultos recibieron sus diplomas de terminaci\u00f3n del ciclo lectivo 2025, concluyendo con su nivel de ense\u00f1anza primaria.<\/p>\n<p style=\"font-weight: 400;\">La escuela se compone por la Directora Mirian Valenzuela, sus docentes Fabi\u00e1n Garc\u00eda; Gabriela Casafuz y Susana Guti\u00e9rrez, asimismo un profesor de taller de carpinter\u00eda Leonardo Ponce<\/p>\n<p style=\"font-weight: 400;\">Una de las caracter\u00edsticas de esta escuela para j\u00f3venes y adultos, es la presencia dos MAI (Maestra de Apoyo a la Inclusi\u00f3n), de all\u00ed la invitaci\u00f3n a participar en representaci\u00f3n de la Municipalidad a la Coordinadora de Discapacidad del Municipio, quien transmiti\u00f3 los saludos del Intendente Mariano Hormaechea, recibiendo un presente por parte del establecimiento educativo.<\/p>\n<p style=\"font-weight: 400;\">Durante el acto de finalizaci\u00f3n del ciclo lectivo se ha hecho entrega de medallas a los que alumnos que por sus m\u00e9ritos y dedicaci\u00f3n alcanzaron los logros educativos, la ceremonia concluy\u00f3 con un brindis entre los presentes.<\/p>\n<p style=\"font-weight: 400;\">Direcci\u00f3n de Prensa-Municipalidad de Goya<\/p>\n","protected":false},"excerpt":{"rendered":"<p>El viernes en el local de la Escuela del Barrio San Ram\u00f3n, se realiz\u00f3 el acto de colaci\u00f3n de la Escuela N\u00famero 53 para J\u00f3venes y Adultos \u201cMar\u00eda Chalub\u201d. Este espacio educativo tiene la finalidad de promover la terminalidad de la educaci\u00f3n primaria, dicta las clases de lunes a viernes de 19 a 22 horas, [&hellip;]<\/p>\n","protected":false},"author":2,"featured_media":28443,"comment_status":"open","ping_status":"open","sticky":false,"template":"","format":"standard","meta":{"footnotes":""},"categories":[88],"tags":[],"class_list":{"0":"post-28442","1":"post","2":"type-post","3":"status-publish","4":"format-standard","5":"has-post-thumbnail","7":"category-educacion"},"_links":{"self":[{"href":"https:\/\/radiobitacora.com.ar\/web\/wp-json\/wp\/v2\/posts\/28442","targetHints":{"allow":["GET"]}}],"collection":[{"href":"https:\/\/radiobitacora.com.ar\/web\/wp-json\/wp\/v2\/posts"}],"about":[{"href":"https:\/\/radiobitacora.com.ar\/web\/wp-json\/wp\/v2\/types\/post"}],"author":[{"embeddable":true,"href":"https:\/\/radiobitacora.com.ar\/web\/wp-json\/wp\/v2\/users\/2"}],"replies":[{"embeddable":true,"href":"https:\/\/radiobitacora.com.ar\/web\/wp-json\/wp\/v2\/comments?post=28442"}],"version-history":[{"count":0,"href":"https:\/\/radiobitacora.com.ar\/web\/wp-json\/wp\/v2\/posts\/28442\/revisions"}],"wp:featuredmedia":[{"embeddable":true,"href":"https:\/\/radiobitacora.com.ar\/web\/wp-json\/wp\/v2\/media\/28443"}],"wp:attachment":[{"href":"https:\/\/radiobitacora.com.ar\/web\/wp-json\/wp\/v2\/media?parent=28442"}],"wp:term":[{"taxonomy":"category","embeddable":true,"href":"https:\/\/radiobitacora.com.ar\/web\/wp-json\/wp\/v2\/categories?post=28442"},{"taxonomy":"post_tag","embeddable":true,"href":"https:\/\/radiobitacora.com.ar\/web\/wp-json\/wp\/v2\/tags?post=28442"}],"curies":[{"name":"wp","href":"https:\/\/api.w.org\/{rel}","templated":true}]}}