{"id":28446,"date":"2025-12-15T10:18:41","date_gmt":"2025-12-15T13:18:41","guid":{"rendered":"https:\/\/radiobitacora.com.ar\/web\/?p=28446"},"modified":"2025-12-15T10:19:18","modified_gmt":"2025-12-15T13:19:18","slug":"jp-valdes-sobre-el-bono-navideno-lo-resolveremos-esta-semana-o-en-el-inicio-de-la-proxima","status":"publish","type":"post","link":"https:\/\/radiobitacora.com.ar\/web\/2025\/12\/15\/jp-valdes-sobre-el-bono-navideno-lo-resolveremos-esta-semana-o-en-el-inicio-de-la-proxima\/","title":{"rendered":"JP VALD\u00c9S SOBRE EL &#8220;BONO NAVIDE\u00d1O&#8221;: &#8220;LO RESOLVEREMOS ESTA SEMANA O EN EL INICIO DE LA PR\u00d3XIMA&#8221;&#8221;"},"content":{"rendered":"<header>\n<div>\n<div>\n<p>El gobernador Juan Pablo Vald\u00e9s habl\u00f3 \u00e9sta ma\u00f1ana con medios de prensa en Casa de Gobierno y respondi\u00f3 respecto a la posibilidad o no de un &#8220;bono navide\u00f1o&#8221;. &#8220;En un rato m\u00e1s nos reunimos con Rivas Piasentini y por la tarde tenemos otra reuni\u00f3n con Econom\u00eda para empezar a tomar definiciones&#8221;, dijo el mandatario. &#8220;Lo estamos trabajando, ya lo vamos a resolver en \u00e9sta semana o en el inicio de la pr\u00f3xima&#8221;, recalc\u00f3 Vald\u00e9s.<\/p>\n<\/div>\n<div class=\"meta\"><time>15 de Diciembre, 2025<\/time><\/div>\n<\/div>\n<\/header>\n<section class=\"body\">\n<section class=\"content\">\n<div class=\"main-text\">\n<div class=\"social\">\n<div class=\"share\"><\/div>\n<\/div>\n<p>&#8220;En un rato m\u00e1s nos reunimos con Rivas Piasentini y por la tarde tenemos otra reuni\u00f3n con Econom\u00eda para empezar a tomar definiciones. Lo estamos trabajando, ya lo vamos a resolver en \u00e9sta semana o en el inicio de la pr\u00f3xima&#8221;, respondi\u00f3 Juan Pablo Vald\u00e9s, al brindar declaraciones a la prensa en Casa de Gobierno.<\/p>\n<p>El Gobernador de Corrientes se refiri\u00f3 a la posibilidad de que la medida la tomen en las comunas del interior: &#8220;hay muchos municipios en transici\u00f3n y cada uno define si va a dar o no un bono, siempre atendiendo \u00a0que es responsabilidad de cada municipio. En algunos municipios no es f\u00e1cil la situaci\u00f3n&#8221;<\/p>\n<p>&#8220;Tenemos que continuar con m\u00e1s nombramientos para que los ministros tengan sus equipos conformados&#8221;, agreg\u00f3 Vald\u00e9s<\/p>\n<p>&#8220;La Provincia termina otro a\u00f1o de manera equilibrada, y eso nos da previsibilidad hacia futuro&#8221;, dijo y resalt\u00f3 que: &#8220;seguimos avanzando en definir nuestra hoja de ruta que es el presupuesto. Necesitamos claramente que tengamos la tranquilidad de tenerlo aprobado antes de fin de a\u00f1o&#8221;<\/p>\n<p>Sobre el presupuesto nacional agreg\u00f3: &#8220;en una primera mirada vemos que no hay inversiones que son estrategicas para la Provincia por lo que vamos a convocar a nuestros legisladores para ver c\u00f3mo se avanza&#8221;<\/p>\n<p>Respecto a una reuni\u00f3n prevista con Diego Santilli, expres\u00f3: &#8220;todav\u00eda no la tenemos confirmada. Est\u00e1 pedida la reuni\u00f3n pero no hay fecha&#8221;<\/p>\n<\/div>\n<\/section>\n<\/section>\n","protected":false},"excerpt":{"rendered":"<p>El gobernador Juan Pablo Vald\u00e9s habl\u00f3 \u00e9sta ma\u00f1ana con medios de prensa en Casa de Gobierno y respondi\u00f3 respecto a la posibilidad o no de un &#8220;bono navide\u00f1o&#8221;. &#8220;En un rato m\u00e1s nos reunimos con Rivas Piasentini y por la tarde tenemos otra reuni\u00f3n con Econom\u00eda para empezar a tomar definiciones&#8221;, dijo el mandatario. &#8220;Lo [&hellip;]<\/p>\n","protected":false},"author":2,"featured_media":28447,"comment_status":"open","ping_status":"open","sticky":false,"template":"","format":"standard","meta":{"footnotes":""},"categories":[65],"tags":[],"class_list":{"0":"post-28446","1":"post","2":"type-post","3":"status-publish","4":"format-standard","5":"has-post-thumbnail","7":"category-economia"},"_links":{"self":[{"href":"https:\/\/radiobitacora.com.ar\/web\/wp-json\/wp\/v2\/posts\/28446","targetHints":{"allow":["GET"]}}],"collection":[{"href":"https:\/\/radiobitacora.com.ar\/web\/wp-json\/wp\/v2\/posts"}],"about":[{"href":"https:\/\/radiobitacora.com.ar\/web\/wp-json\/wp\/v2\/types\/post"}],"author":[{"embeddable":true,"href":"https:\/\/radiobitacora.com.ar\/web\/wp-json\/wp\/v2\/users\/2"}],"replies":[{"embeddable":true,"href":"https:\/\/radiobitacora.com.ar\/web\/wp-json\/wp\/v2\/comments?post=28446"}],"version-history":[{"count":0,"href":"https:\/\/radiobitacora.com.ar\/web\/wp-json\/wp\/v2\/posts\/28446\/revisions"}],"wp:featuredmedia":[{"embeddable":true,"href":"https:\/\/radiobitacora.com.ar\/web\/wp-json\/wp\/v2\/media\/28447"}],"wp:attachment":[{"href":"https:\/\/radiobitacora.com.ar\/web\/wp-json\/wp\/v2\/media?parent=28446"}],"wp:term":[{"taxonomy":"category","embeddable":true,"href":"https:\/\/radiobitacora.com.ar\/web\/wp-json\/wp\/v2\/categories?post=28446"},{"taxonomy":"post_tag","embeddable":true,"href":"https:\/\/radiobitacora.com.ar\/web\/wp-json\/wp\/v2\/tags?post=28446"}],"curies":[{"name":"wp","href":"https:\/\/api.w.org\/{rel}","templated":true}]}}