{"id":28485,"date":"2025-12-16T08:58:11","date_gmt":"2025-12-16T11:58:11","guid":{"rendered":"https:\/\/radiobitacora.com.ar\/web\/?p=28485"},"modified":"2025-12-16T09:00:46","modified_gmt":"2025-12-16T12:00:46","slug":"instancias-definitorias-en-el-torneo-de-primera-division-del-futbol-rural","status":"publish","type":"post","link":"https:\/\/radiobitacora.com.ar\/web\/2025\/12\/16\/instancias-definitorias-en-el-torneo-de-primera-division-del-futbol-rural\/","title":{"rendered":"INSTANCIAS DEFINITORIAS EN EL TORNEO DE PRIMERA DIVISI\u00d3N DEL F\u00daTBOL RURAL"},"content":{"rendered":"<p style=\"font-weight: 400;\">A partir del pr\u00f3ximo fin de semana comenzar\u00e1n a disputarse los partidos de semifinal entre Las Estrellas de Manantiales frente a Olimpia de San Jos\u00e9, y Granja Amelia frente a San Francisco.<\/p>\n<p style=\"font-weight: 400;\">\u201cGracias por el apoyo al f\u00fatbol rural, estamos felices por el t\u00edtulo, nos faltaba esta distinci\u00f3n; un compromiso asumido con el resto de la comisi\u00f3n y el cuerpo t\u00e9cnico coronamos exitosamente este sue\u00f1o\u201d expres\u00f3 el directivo de Las Estrellas, Baltazar Fleitas.<\/p>\n<p style=\"font-weight: 400;\">EDUARDO PIZ<\/p>\n<p style=\"font-weight: 400;\">El presidente de la Asociaci\u00f3n Cultural y Deportiva Rural Eduardo Piz reconoci\u00f3 el apoyo del p\u00fablico que, en una cifra cercana al millar, acompa\u00f1\u00f3 la definici\u00f3n en el Estadio Central Goya. \u201cHemos batido el r\u00e9cord en relaci\u00f3n a la cantidad de espectadores, duplicando la cantidad de p\u00fablico en comparaci\u00f3n a la temporada pasada con una excelente recaudaci\u00f3n destinada a ayudar a los clubes participantes\u201d.<\/p>\n<p style=\"font-weight: 400;\">\u201cTodos hemos entendido que este es un espacio de recreaci\u00f3n, de juntar a las familias -indic\u00f3 el directivo del f\u00fatbol rural-, nosotros no nos cansaremos de insistir con el concepto: es la diversi\u00f3n de nuestras familias de la zona rural, con ese esp\u00edritu preparamos la semifinal a jugarse a partir de la semana que viene\u201d.<\/p>\n<p style=\"font-weight: 400;\">\u201cEstamos agradecidos con el presidente de Central Goya, Juan Antonio Soto, que se puso a disposici\u00f3n, por eso decidimos disputar las finales en esta cancha. Los invitamos a acompa\u00f1arnos en la definici\u00f3n del torneo 2025 con los partidos programados para la semifinal\u201d.<\/p>\n<p style=\"font-weight: 400;\">\u00a0Direcci\u00f3n de Prensa-Municipalidad de Goya<\/p>\n","protected":false},"excerpt":{"rendered":"<p>A partir del pr\u00f3ximo fin de semana comenzar\u00e1n a disputarse los partidos de semifinal entre Las Estrellas de Manantiales frente a Olimpia de San Jos\u00e9, y Granja Amelia frente a San Francisco. \u201cGracias por el apoyo al f\u00fatbol rural, estamos felices por el t\u00edtulo, nos faltaba esta distinci\u00f3n; un compromiso asumido con el resto de [&hellip;]<\/p>\n","protected":false},"author":2,"featured_media":28486,"comment_status":"open","ping_status":"open","sticky":false,"template":"","format":"standard","meta":{"footnotes":""},"categories":[78],"tags":[],"class_list":{"0":"post-28485","1":"post","2":"type-post","3":"status-publish","4":"format-standard","5":"has-post-thumbnail","7":"category-deportes"},"_links":{"self":[{"href":"https:\/\/radiobitacora.com.ar\/web\/wp-json\/wp\/v2\/posts\/28485","targetHints":{"allow":["GET"]}}],"collection":[{"href":"https:\/\/radiobitacora.com.ar\/web\/wp-json\/wp\/v2\/posts"}],"about":[{"href":"https:\/\/radiobitacora.com.ar\/web\/wp-json\/wp\/v2\/types\/post"}],"author":[{"embeddable":true,"href":"https:\/\/radiobitacora.com.ar\/web\/wp-json\/wp\/v2\/users\/2"}],"replies":[{"embeddable":true,"href":"https:\/\/radiobitacora.com.ar\/web\/wp-json\/wp\/v2\/comments?post=28485"}],"version-history":[{"count":0,"href":"https:\/\/radiobitacora.com.ar\/web\/wp-json\/wp\/v2\/posts\/28485\/revisions"}],"wp:featuredmedia":[{"embeddable":true,"href":"https:\/\/radiobitacora.com.ar\/web\/wp-json\/wp\/v2\/media\/28486"}],"wp:attachment":[{"href":"https:\/\/radiobitacora.com.ar\/web\/wp-json\/wp\/v2\/media?parent=28485"}],"wp:term":[{"taxonomy":"category","embeddable":true,"href":"https:\/\/radiobitacora.com.ar\/web\/wp-json\/wp\/v2\/categories?post=28485"},{"taxonomy":"post_tag","embeddable":true,"href":"https:\/\/radiobitacora.com.ar\/web\/wp-json\/wp\/v2\/tags?post=28485"}],"curies":[{"name":"wp","href":"https:\/\/api.w.org\/{rel}","templated":true}]}}