{"id":28605,"date":"2025-12-19T08:52:36","date_gmt":"2025-12-19T11:52:36","guid":{"rendered":"https:\/\/radiobitacora.com.ar\/web\/?p=28605"},"modified":"2025-12-19T08:53:18","modified_gmt":"2025-12-19T11:53:18","slug":"otorgando-feria-administrativa-con-goce-de-haberes-al-personal-municipal","status":"publish","type":"post","link":"https:\/\/radiobitacora.com.ar\/web\/2025\/12\/19\/otorgando-feria-administrativa-con-goce-de-haberes-al-personal-municipal\/","title":{"rendered":"OTORGANDO FERIA ADMINISTRATIVA CON GOCE DE HABERES AL PERSONAL MUNICIPAL"},"content":{"rendered":"<p style=\"font-weight: 400;\">RESOLUCI\u00d3N N\u00b0: 2119<\/p>\n<p style=\"font-weight: 400;\">VISTO Y CONSIDERANDO:<\/p>\n<p style=\"font-weight: 400;\">Que, la implementaci\u00f3n de la Feria Administrativa, contribuye a mejorar la eficacia, eficiencia y mejora continua del Personal Municipal.<\/p>\n<p style=\"font-weight: 400;\">Que, en virtud de ello se considera conveniente la implementaci\u00f3n de la feria administrativa, adecuar los t\u00e9rminos de su duraci\u00f3n y garantizar la no interrupci\u00f3n de servicios p\u00fablicos.<\/p>\n<p style=\"font-weight: 400;\">Que, en base al Art. 98 inc. 13 de la Carta Org\u00e1nica Municipal se considera oportuno otorgar feria administrativa al personal municipal, concedida en dos turnos.<\/p>\n<p style=\"font-weight: 400;\">Por ello;;;;;;;;;;;<\/p>\n<p style=\"font-weight: 400;\">EL INTENDENTE MUNICIPAL<\/p>\n<p style=\"font-weight: 400;\">RESUELVE:<\/p>\n<p style=\"font-weight: 400;\">ART\u00cdCULO 1\u00b0: OTORGAR FERIA ADMINISTRATIVA CON GOCE DE HABERES PARA EL PERSONAL MUNICIPAL que ser\u00e1 concedido en 2 turnos, quedando de la siguiente manera:<\/p>\n<ul>\n<li style=\"font-weight: 400;\">Primer turno 50% del Personal Municipal desde el 22 al 26 de diciembre de 2025.<\/li>\n<li style=\"font-weight: 400;\">Segundo turno 50% del Personal Municipal desde el 29 de diciembre de 2025 a 02 de enero de 2026.<\/li>\n<\/ul>\n<p style=\"font-weight: 400;\">ART\u00cdCULO 2\u00b0: CADA jefe de \u00e1rea organizar\u00e1 el uso de la feria, de manera tal que no se resienta los servicios y atenci\u00f3n al p\u00fablico, bajo su responsabilidad.<\/p>\n<p style=\"font-weight: 400;\">ART\u00cdCULO 3\u00b0: COMUN\u00cdQUESE, publ\u00edquese, d\u00e9se al R.M., s\u00e1quese copia para quien corresponda y oportunamente ARCH\u00cdVESE<\/p>\n<p style=\"font-weight: 400;\">Direcci\u00f3n de Prensa \u2013 Municipalidad de Goya.<\/p>\n","protected":false},"excerpt":{"rendered":"<p>RESOLUCI\u00d3N N\u00b0: 2119 VISTO Y CONSIDERANDO: Que, la implementaci\u00f3n de la Feria Administrativa, contribuye a mejorar la eficacia, eficiencia y mejora continua del Personal Municipal. Que, en virtud de ello se considera conveniente la implementaci\u00f3n de la feria administrativa, adecuar los t\u00e9rminos de su duraci\u00f3n y garantizar la no interrupci\u00f3n de servicios p\u00fablicos. Que, en [&hellip;]<\/p>\n","protected":false},"author":2,"featured_media":28606,"comment_status":"open","ping_status":"open","sticky":false,"template":"","format":"standard","meta":{"footnotes":""},"categories":[56],"tags":[],"class_list":{"0":"post-28605","1":"post","2":"type-post","3":"status-publish","4":"format-standard","5":"has-post-thumbnail","7":"category-locales"},"_links":{"self":[{"href":"https:\/\/radiobitacora.com.ar\/web\/wp-json\/wp\/v2\/posts\/28605","targetHints":{"allow":["GET"]}}],"collection":[{"href":"https:\/\/radiobitacora.com.ar\/web\/wp-json\/wp\/v2\/posts"}],"about":[{"href":"https:\/\/radiobitacora.com.ar\/web\/wp-json\/wp\/v2\/types\/post"}],"author":[{"embeddable":true,"href":"https:\/\/radiobitacora.com.ar\/web\/wp-json\/wp\/v2\/users\/2"}],"replies":[{"embeddable":true,"href":"https:\/\/radiobitacora.com.ar\/web\/wp-json\/wp\/v2\/comments?post=28605"}],"version-history":[{"count":0,"href":"https:\/\/radiobitacora.com.ar\/web\/wp-json\/wp\/v2\/posts\/28605\/revisions"}],"wp:featuredmedia":[{"embeddable":true,"href":"https:\/\/radiobitacora.com.ar\/web\/wp-json\/wp\/v2\/media\/28606"}],"wp:attachment":[{"href":"https:\/\/radiobitacora.com.ar\/web\/wp-json\/wp\/v2\/media?parent=28605"}],"wp:term":[{"taxonomy":"category","embeddable":true,"href":"https:\/\/radiobitacora.com.ar\/web\/wp-json\/wp\/v2\/categories?post=28605"},{"taxonomy":"post_tag","embeddable":true,"href":"https:\/\/radiobitacora.com.ar\/web\/wp-json\/wp\/v2\/tags?post=28605"}],"curies":[{"name":"wp","href":"https:\/\/api.w.org\/{rel}","templated":true}]}}