{"id":29398,"date":"2026-01-23T19:48:58","date_gmt":"2026-01-23T22:48:58","guid":{"rendered":"https:\/\/radiobitacora.com.ar\/web\/?p=29398"},"modified":"2026-01-23T19:49:23","modified_gmt":"2026-01-23T22:49:23","slug":"la-policia-recupero-la-totalidad-de-los-elementos-sustraidos-de-escuela-la-rotonda","status":"publish","type":"post","link":"https:\/\/radiobitacora.com.ar\/web\/2026\/01\/23\/la-policia-recupero-la-totalidad-de-los-elementos-sustraidos-de-escuela-la-rotonda\/","title":{"rendered":"LA POLIC\u00cdA RECUPER\u00d3 LA TOTALIDAD DE LOS ELEMENTOS SUSTRA\u00cdDOS DE ESCUELA LA ROTONDA"},"content":{"rendered":"<div class=\"xdj266r x14z9mp xat24cr x1lziwak x1vvkbs x126k92a\">\n<div dir=\"auto\">A trav\u00e9s de un intenso trabajo coordinado por la Unidad Regional II, cuyo director es el comisario mayor Valent\u00edn Morales, logr\u00f3 el esclarecimiento total del robo perpetrado contra la Escuela Parroquial \u201cLa Rotonda\u201d. Tras una serie de tareas investigativas, se recuperaron los elementos denunciados y se procedi\u00f3 a la aprehensi\u00f3n de los presuntos responsables.<\/div>\n<\/div>\n<div class=\"x14z9mp xat24cr x1lziwak x1vvkbs xtlvy1s x126k92a\">\n<div dir=\"auto\">Se localizaron los siete televisores sustra\u00eddos del establecimiento. El \u00faltimo de ellos fue recuperado el jueves a las 22:00 hs por personal de la Comisar\u00eda Quinta, tras un procedimiento derivado de informaci\u00f3n sobre el paradero del equipo.<\/div>\n<\/div>\n<div class=\"x14z9mp xat24cr x1lziwak x1vvkbs xtlvy1s x126k92a\">\n<div dir=\"auto\">Una persona se encuentra actualmente aprehendida y vinculada directamente a la causa. Asimismo, otras personas permanecen demoradas a disposici\u00f3n de la justicia mientras se determina su grado de participaci\u00f3n.<\/div>\n<\/div>\n<div class=\"x14z9mp xat24cr x1lziwak x1vvkbs xtlvy1s x126k92a\">\n<div dir=\"auto\">El operativo fue resultado de la labor articulada entre la Comisar\u00eda Primera y la colaboraci\u00f3n de las dependencias Segunda, Quinta y Sexta. La denuncia hab\u00eda sido radicada por el asesor legal de la instituci\u00f3n, el padre Boris Escobar.-<\/div>\n<\/div>\n","protected":false},"excerpt":{"rendered":"<p>A trav\u00e9s de un intenso trabajo coordinado por la Unidad Regional II, cuyo director es el comisario mayor Valent\u00edn Morales, logr\u00f3 el esclarecimiento total del robo perpetrado contra la Escuela Parroquial \u201cLa Rotonda\u201d. Tras una serie de tareas investigativas, se recuperaron los elementos denunciados y se procedi\u00f3 a la aprehensi\u00f3n de los presuntos responsables. Se [&hellip;]<\/p>\n","protected":false},"author":2,"featured_media":29399,"comment_status":"open","ping_status":"open","sticky":false,"template":"","format":"standard","meta":{"footnotes":""},"categories":[84],"tags":[],"class_list":{"0":"post-29398","1":"post","2":"type-post","3":"status-publish","4":"format-standard","5":"has-post-thumbnail","7":"category-policiales"},"_links":{"self":[{"href":"https:\/\/radiobitacora.com.ar\/web\/wp-json\/wp\/v2\/posts\/29398","targetHints":{"allow":["GET"]}}],"collection":[{"href":"https:\/\/radiobitacora.com.ar\/web\/wp-json\/wp\/v2\/posts"}],"about":[{"href":"https:\/\/radiobitacora.com.ar\/web\/wp-json\/wp\/v2\/types\/post"}],"author":[{"embeddable":true,"href":"https:\/\/radiobitacora.com.ar\/web\/wp-json\/wp\/v2\/users\/2"}],"replies":[{"embeddable":true,"href":"https:\/\/radiobitacora.com.ar\/web\/wp-json\/wp\/v2\/comments?post=29398"}],"version-history":[{"count":0,"href":"https:\/\/radiobitacora.com.ar\/web\/wp-json\/wp\/v2\/posts\/29398\/revisions"}],"wp:featuredmedia":[{"embeddable":true,"href":"https:\/\/radiobitacora.com.ar\/web\/wp-json\/wp\/v2\/media\/29399"}],"wp:attachment":[{"href":"https:\/\/radiobitacora.com.ar\/web\/wp-json\/wp\/v2\/media?parent=29398"}],"wp:term":[{"taxonomy":"category","embeddable":true,"href":"https:\/\/radiobitacora.com.ar\/web\/wp-json\/wp\/v2\/categories?post=29398"},{"taxonomy":"post_tag","embeddable":true,"href":"https:\/\/radiobitacora.com.ar\/web\/wp-json\/wp\/v2\/tags?post=29398"}],"curies":[{"name":"wp","href":"https:\/\/api.w.org\/{rel}","templated":true}]}}