{"id":29404,"date":"2026-01-24T19:10:13","date_gmt":"2026-01-24T22:10:13","guid":{"rendered":"https:\/\/radiobitacora.com.ar\/web\/?p=29404"},"modified":"2026-01-24T19:10:13","modified_gmt":"2026-01-24T22:10:13","slug":"deslumbrante-primera-luna-carnavalera","status":"publish","type":"post","link":"https:\/\/radiobitacora.com.ar\/web\/2026\/01\/24\/deslumbrante-primera-luna-carnavalera\/","title":{"rendered":"DESLUMBRANTE PRIMERA LUNA CARNAVALERA"},"content":{"rendered":"<p data-start=\"0\" data-end=\"39\"><img loading=\"lazy\" decoding=\"async\" class=\"wp-image-29406  alignleft\" src=\"https:\/\/radiobitacora.com.ar\/web\/wp-content\/uploads\/2026\/01\/618931930_1195716939337506_7836558119923127857_n-e1769292529358.jpg\" alt=\"\" width=\"338\" height=\"268\" srcset=\"https:\/\/radiobitacora.com.ar\/web\/wp-content\/uploads\/2026\/01\/618931930_1195716939337506_7836558119923127857_n-e1769292529358.jpg 1066w, https:\/\/radiobitacora.com.ar\/web\/wp-content\/uploads\/2026\/01\/618931930_1195716939337506_7836558119923127857_n-e1769292529358-530x420.jpg 530w, https:\/\/radiobitacora.com.ar\/web\/wp-content\/uploads\/2026\/01\/618931930_1195716939337506_7836558119923127857_n-e1769292529358-696x552.jpg 696w, https:\/\/radiobitacora.com.ar\/web\/wp-content\/uploads\/2026\/01\/618931930_1195716939337506_7836558119923127857_n-e1769292529358-300x238.jpg 300w, https:\/\/radiobitacora.com.ar\/web\/wp-content\/uploads\/2026\/01\/618931930_1195716939337506_7836558119923127857_n-e1769292529358-768x609.jpg 768w, https:\/\/radiobitacora.com.ar\/web\/wp-content\/uploads\/2026\/01\/618931930_1195716939337506_7836558119923127857_n-e1769292529358-1024x812.jpg 1024w\" sizes=\"auto, (max-width: 338px) 100vw, 338px\" \/><\/p>\n<p data-start=\"41\" data-end=\"137\">El Intendente Mariano Hormaechea dej\u00f3 inaugurada la primera de las noches de Corsos Oficiales.<\/p>\n<p data-start=\"139\" data-end=\"289\">El Ministro de Turismo de la Provincia de Corrientes, Juan Enrique Braillard Poccard, acompa\u00f1\u00f3 y particip\u00f3 de la apertura de los carnavales goyanos.<\/p>\n<p data-start=\"291\" data-end=\"510\">Tanto el Intendente Mariano Hormaechea como el Ministro Braillard Poccard coincidieron en invitar a todos a trabajar \u201cJuntos para promover el carnaval, el turismo y el desarrollo y crecimiento econ\u00f3mico de la ciudad\u201d.<\/p>\n<p data-start=\"512\" data-end=\"832\">Una deslumbrante primera luna carnavalera se vivi\u00f3 en Goya con la apertura de sus corsos oficiales, con la presencia de funcionarios provinciales y municipales, concejales, representantes de las comparsas animadoras de la Fiesta de Momo y un p\u00fablico que colm\u00f3 los espacios para disfrutar de un espect\u00e1culo inolvidable.<\/p>\n<p data-start=\"834\" data-end=\"1079\">El Intendente destac\u00f3 el trabajo del equipo municipal, el acompa\u00f1amiento del Gobierno Provincial y la articulaci\u00f3n con las comparsas goyanas, impulsando a seguir trabajando juntos para el crecimiento de este gran producto tur\u00edstico y cultural.<\/p>\n<p data-start=\"1081\" data-end=\"1347\">Por su parte, el Ministro de Turismo transmiti\u00f3 los saludos del Gobernador Juan Pablo Vald\u00e9s, felicitando a la Municipalidad de Goya por el apoyo al carnaval y remarcando la importancia de esta fiesta para potenciar el turismo y mostrar los encantos de Corrientes.<\/p>\n<p data-start=\"1349\" data-end=\"1487\">La magia se encendi\u00f3 en el Cors\u00f3dromo Costa Surub\u00ed, donde las comparsas dieron lo mejor para que el show del carnaval brille como nunca.<\/p>\n<p data-start=\"1489\" data-end=\"1875\">MARIANO HORMAECHEA<br data-start=\"1507\" data-end=\"1510\" \/>El Intendente expres\u00f3:<br data-start=\"1532\" data-end=\"1535\" \/>\u201cEste evento es importante para los goyanos y para toda la provincia. Lleg\u00f3 el gran d\u00eda\u2026 agradezco a cada presidente de comparsas\u2026 este es el resultado del trabajo de todos juntos, debemos seguir trabajando para que los carnavales sigan creciendo\u2026 el objetivo es ser los mejores. A disfrutar de la edici\u00f3n 2026 de los carnavales goyanos\u201d.<\/p>\n<p data-start=\"1877\" data-end=\"1945\">Con esas palabras, dej\u00f3 oficialmente inaugurada la Fiesta de Momo.<\/p>\n<p data-start=\"1947\" data-end=\"2363\">JUAN ENRIQUE BRAILLARD POCCARD<br data-start=\"1977\" data-end=\"1980\" \/>El Ministro manifest\u00f3:<br data-start=\"2002\" data-end=\"2005\" \/>\u201cTraigo el saludo de nuestro Gobernador Juan Pablo Vald\u00e9s\u2026 felicito al Intendente por la decisi\u00f3n estrat\u00e9gica de hacer crecer el carnaval de Goya. Estos eventos son fundamentales para el desarrollo econ\u00f3mico y tur\u00edstico de la ciudad. Sigamos promoviendo nuestra cultura y nuestros atractivos, porque sin dudas impactar\u00e1 positivamente en nuestras ciudades\u201d.<\/p>\n<p data-start=\"2365\" data-end=\"2612\"><img loading=\"lazy\" decoding=\"async\" class=\"wp-image-29407 alignright\" src=\"https:\/\/radiobitacora.com.ar\/web\/wp-content\/uploads\/2026\/01\/621174397_1195717382670795_7863853762330835193_n.jpg\" alt=\"\" width=\"399\" height=\"266\" srcset=\"https:\/\/radiobitacora.com.ar\/web\/wp-content\/uploads\/2026\/01\/621174397_1195717382670795_7863853762330835193_n.jpg 1600w, https:\/\/radiobitacora.com.ar\/web\/wp-content\/uploads\/2026\/01\/621174397_1195717382670795_7863853762330835193_n-630x420.jpg 630w, https:\/\/radiobitacora.com.ar\/web\/wp-content\/uploads\/2026\/01\/621174397_1195717382670795_7863853762330835193_n-696x464.jpg 696w, https:\/\/radiobitacora.com.ar\/web\/wp-content\/uploads\/2026\/01\/621174397_1195717382670795_7863853762330835193_n-1068x712.jpg 1068w\" sizes=\"auto, (max-width: 399px) 100vw, 399px\" \/><\/p>\n<p data-start=\"2365\" data-end=\"2612\">CORTE DE CINTAS<br data-start=\"2380\" data-end=\"2383\" \/>Para habilitar el circuito de la Alfombra Blanca del Cors\u00f3dromo Costa Surub\u00ed, autoridades provinciales y municipales junto a los soberanos del carnaval Marco Mart\u00ednez y Juanita Aguirre realizaron el tradicional corte de cintas.<\/p>\n<p data-start=\"2614\" data-end=\"2723\">Luego comenz\u00f3 la fiesta con la presentaci\u00f3n de las comparsas, llenando la noche de brillo, color y emoci\u00f3n.<\/p>\n<p data-start=\"2725\" data-end=\"3119\">La primera luna se vivi\u00f3 con:<br data-start=\"2754\" data-end=\"2757\" \/>Oh Bah\u00eda (debutante) \u2013 ritmo pop y energ\u00eda total<br data-start=\"2805\" data-end=\"2808\" \/>Arami \u2013 latidos del carnaval y pasi\u00f3n en cada paso<br data-start=\"2858\" data-end=\"2861\" \/>Aymara \u2013 m\u00fasica, color y show que estremeci\u00f3 el circuito<br data-start=\"2917\" data-end=\"2920\" \/>Ita Vera \u2013 civilizaciones de todos los tiempos brillando en escena<br data-start=\"2986\" data-end=\"2989\" \/>Poramba \u2013 ciencia y tecnolog\u00eda en una propuesta impactante<br data-start=\"3047\" data-end=\"3050\" \/>Tropical \u2013 medio siglo de historia carnavalera cerrando a lo grande<\/p>\n<p data-start=\"3121\" data-end=\"3259\">La expectativa crece para la segunda presentaci\u00f3n este s\u00e1bado 24, desde las 22 horas, en la Alfombra Blanca del Cors\u00f3dromo Costa Surub\u00ed.<\/p>\n","protected":false},"excerpt":{"rendered":"<p>El Intendente Mariano Hormaechea dej\u00f3 inaugurada la primera de las noches de Corsos Oficiales. El Ministro de Turismo de la Provincia de Corrientes, Juan Enrique Braillard Poccard, acompa\u00f1\u00f3 y particip\u00f3 de la apertura de los carnavales goyanos. Tanto el Intendente Mariano Hormaechea como el Ministro Braillard Poccard coincidieron en invitar a todos a trabajar \u201cJuntos [&hellip;]<\/p>\n","protected":false},"author":2,"featured_media":29405,"comment_status":"open","ping_status":"open","sticky":false,"template":"","format":"standard","meta":{"footnotes":""},"categories":[56],"tags":[],"class_list":{"0":"post-29404","1":"post","2":"type-post","3":"status-publish","4":"format-standard","5":"has-post-thumbnail","7":"category-locales"},"_links":{"self":[{"href":"https:\/\/radiobitacora.com.ar\/web\/wp-json\/wp\/v2\/posts\/29404","targetHints":{"allow":["GET"]}}],"collection":[{"href":"https:\/\/radiobitacora.com.ar\/web\/wp-json\/wp\/v2\/posts"}],"about":[{"href":"https:\/\/radiobitacora.com.ar\/web\/wp-json\/wp\/v2\/types\/post"}],"author":[{"embeddable":true,"href":"https:\/\/radiobitacora.com.ar\/web\/wp-json\/wp\/v2\/users\/2"}],"replies":[{"embeddable":true,"href":"https:\/\/radiobitacora.com.ar\/web\/wp-json\/wp\/v2\/comments?post=29404"}],"version-history":[{"count":0,"href":"https:\/\/radiobitacora.com.ar\/web\/wp-json\/wp\/v2\/posts\/29404\/revisions"}],"wp:featuredmedia":[{"embeddable":true,"href":"https:\/\/radiobitacora.com.ar\/web\/wp-json\/wp\/v2\/media\/29405"}],"wp:attachment":[{"href":"https:\/\/radiobitacora.com.ar\/web\/wp-json\/wp\/v2\/media?parent=29404"}],"wp:term":[{"taxonomy":"category","embeddable":true,"href":"https:\/\/radiobitacora.com.ar\/web\/wp-json\/wp\/v2\/categories?post=29404"},{"taxonomy":"post_tag","embeddable":true,"href":"https:\/\/radiobitacora.com.ar\/web\/wp-json\/wp\/v2\/tags?post=29404"}],"curies":[{"name":"wp","href":"https:\/\/api.w.org\/{rel}","templated":true}]}}