{"id":29409,"date":"2026-01-24T19:35:30","date_gmt":"2026-01-24T22:35:30","guid":{"rendered":"https:\/\/radiobitacora.com.ar\/web\/?p=29409"},"modified":"2026-01-24T19:35:30","modified_gmt":"2026-01-24T22:35:30","slug":"river-fue-mas-que-barracas-central-y-lo-gano-por-la-cabeza-de-montiel-en-el-debut-del-torneo-apertura-2026","status":"publish","type":"post","link":"https:\/\/radiobitacora.com.ar\/web\/2026\/01\/24\/river-fue-mas-que-barracas-central-y-lo-gano-por-la-cabeza-de-montiel-en-el-debut-del-torneo-apertura-2026\/","title":{"rendered":"RIVER FUE M\u00c1S QUE BARRACAS CENTRAL Y LO GAN\u00d3 POR LA CABEZA DE MONTIEL EN EL DEBUT DEL TORNEO APERTURA 2026"},"content":{"rendered":"<p>Con un tanto del lateral despu\u00e9s de una pelota preparada, el Millonario se impuso por 1-0 en su visita al Guapo y comenz\u00f3 el certamen con una sonrisa. Fueron titulares Vi\u00f1a, Moreno y Vera.<\/p>\n<p>River arranc\u00f3 el torneo Apertura 2026 con una\u00a0<b>buena victoria en su visita a Barracas Central por 1-0<\/b>, gracias al tanto convertido por Gonzalo Montiel en el inicio del segundo tiempo. El equipo conducido por Marcelo Gallardo fue superior durante gran parte del encuentro y termin\u00f3 ganando gracias a una pelota parada que\u00a0<a href=\"https:\/\/www.tycsports.com\/river-plate\/sutileza-de-quintero-y-golazo-de-montiel-para-que-river-respire-id709531.html\" target=\"_blank\" rel=\"noopener\">comenz\u00f3 en la zurda de Juanfer Quintero y termin\u00f3 en la cabeza del campe\u00f3n del mundo<\/a>. El Millonario tuvo de arranque a Mat\u00edas Vi\u00f1a, Fausto Vera y An\u00edbal Moreno, uno de los puntos altas, mientras que en el arco estuvo Santiago Beltr\u00e1n, quien pr\u00e1cticamente no tuvo trabajo.<\/p>\n<div class=\"liveBlogItem\">\n<h2 id=\"lbp_a51\">Galv\u00e1n, la sorpresa de Gallardo en la formaci\u00f3n de River<\/h2>\n<p>El juvenil, que volvi\u00f3 tras el pr\u00e9stamo en V\u00e9lez, irrumpe en el once para el primer partido del a\u00f1o.<\/p>\n<p>&nbsp;<\/p>\n<figure data-modal-description=\"Tom\u00e1s Galv\u00e1n podr\u00eda ser titular ante Barracas (Foto: River Plate)\" data-modal-image=\"https:\/\/media.tycsports.com\/files\/2026\/01\/21\/916792\/tomas-galvan-podria-ser-titular-ante-barracas_w862.webp\"><img loading=\"lazy\" decoding=\"async\" class=\"mainImg r16x9\" title=\"Tom\u00e1s Galv\u00e1n podr\u00eda ser titular ante Barracas\" src=\"https:\/\/media.tycsports.com\/files\/2026\/01\/21\/916792\/tomas-galvan-podria-ser-titular-ante-barracas_416x234.webp?v=1\" srcset=\"https:\/\/media.tycsports.com\/files\/2026\/01\/21\/916792\/tomas-galvan-podria-ser-titular-ante-barracas_416x234.webp?v=1 960w,https:\/\/media.tycsports.com\/files\/2026\/01\/21\/916792\/tomas-galvan-podria-ser-titular-ante-barracas_862x485.webp?v=1 1024w\" alt=\"Tom\u00e1s Galv\u00e1n podr\u00eda ser titular ante Barracas\" width=\"416\" height=\"234\" data-src=\"https:\/\/media.tycsports.com\/files\/2026\/01\/21\/916792\/tomas-galvan-podria-ser-titular-ante-barracas_416x234.webp?v=1\" data-srcset=\"https:\/\/media.tycsports.com\/files\/2026\/01\/21\/916792\/tomas-galvan-podria-ser-titular-ante-barracas_416x234.webp?v=1 960w,https:\/\/media.tycsports.com\/files\/2026\/01\/21\/916792\/tomas-galvan-podria-ser-titular-ante-barracas_862x485.webp?v=1 1024w\" data-kiosked-context-name=\"kskdUIContext_01kfs217fjj5zaxe157gfrxdfp\" \/><\/p>\n<div id=\"kskd01kfs217g433q8330estfjny5d\" class=\"kskdDiv kskdCls\" data-kiosked-role=\"anchor\" data-kiosked-type=\"in-line\" data-kioskid=\"01kfs217g433q8330estfjny5d\" data-kiosked-cntrid=\"12549_7ef61c1daebccaf7f23bd906fce56eff\">\n<div class=\"kskdDiv\" data-kiosked-role=\"boundary\">\n<div class=\"kskdDiv\" data-kioskid=\"01kfs217g433q8330estfjny5d\" data-kiosked-role=\"ad-container\">\n<div class=\"kskdDiv\" data-kskd-type=\"banner\" data-width=\"728\" data-height=\"90\"><\/div>\n<\/div>\n<\/div>\n<\/div>\n<\/figure>\n<\/div>\n<div class=\"liveBlogItem\">\n<div class=\"liveBlogItemTime\"><\/div>\n<h2 id=\"lbp_a52\">A qu\u00e9 hora juega River vs. Barracas Central<\/h2>\n<p>&nbsp;<\/p>\n<ul>\n<li>Argentina: 17.00 horas<\/li>\n<li>Brasil: 17.00 horas<\/li>\n<li>Uruguay: 17.00 horas<\/li>\n<li>Paraguay: 17.00 horas<\/li>\n<li>Chile: 17.00 horas<\/li>\n<li>Bolivia: 16.00 horas<\/li>\n<li>Venezuela: 16.00 horas<\/li>\n<li>Ecuador: 15.00 horas<\/li>\n<li>Per\u00fa: 15.00 horas<\/li>\n<li>Colombia: 15.00 horas<\/li>\n<li>M\u00e9xico: 14.00 horas<\/li>\n<\/ul>\n<p>&nbsp;<\/p>\n<\/div>\n<div class=\"liveBlogItem\">\n<div class=\"liveBlogItemTime\">15:43<\/div>\n<h2 id=\"lbp_a53\">Las urgencia del River de Gallardo en 2026<\/h2>\n<p>&nbsp;<\/p>\n<p>El cuadro N\u00fa\u00f1ez llega con la urgencia de revertir un 2025 esquivo, en el que la ausencia de t\u00edtulos, la prematura eliminaci\u00f3n en la Libertadores y la irregularidad en las competencias dom\u00e9sticas derivaron en la falta de plaza para la edici\u00f3n actual del m\u00e1ximo certamen continental. El objetivo prioritario ser\u00e1 el protagonismo absoluto en todos los frentes: los torneos Apertura y Clausura, la Liga Profesional, la Copa Argentina y la Sudamericana<\/p>\n<p>&nbsp;<\/p>\n<figure data-modal-description=\"Gallardo y una preocupaci\u00f3n may\u00fascula: la falta de gol de su River (Marcos Brindicci\/Getty Images)\" data-modal-image=\"https:\/\/media.tycsports.com\/files\/2026\/01\/21\/916746\/marcelo-gallardo_w862.webp\"><img loading=\"lazy\" decoding=\"async\" class=\"mainImg r16x9\" title=\"Marcelo Gallardo\" src=\"https:\/\/media.tycsports.com\/files\/2026\/01\/21\/916746\/marcelo-gallardo_416x234.webp?v=1\" srcset=\"https:\/\/media.tycsports.com\/files\/2026\/01\/21\/916746\/marcelo-gallardo_416x234.webp?v=1 960w,https:\/\/media.tycsports.com\/files\/2026\/01\/21\/916746\/marcelo-gallardo_862x485.webp?v=1 1024w\" alt=\"Marcelo Gallardo\" width=\"416\" height=\"234\" data-src=\"https:\/\/media.tycsports.com\/files\/2026\/01\/21\/916746\/marcelo-gallardo_416x234.webp?v=1\" data-srcset=\"https:\/\/media.tycsports.com\/files\/2026\/01\/21\/916746\/marcelo-gallardo_416x234.webp?v=1 960w,https:\/\/media.tycsports.com\/files\/2026\/01\/21\/916746\/marcelo-gallardo_862x485.webp?v=1 1024w\" data-kiosked-context-name=\"kskdUIContext_01kfs217fjj5zaxe157gfrxdfp\" \/><\/p>\n<div id=\"kskd01kfs217g4wckgpqjvb9cmwra7\" class=\"kskdDiv kskdCls\" data-kiosked-role=\"anchor\" data-kiosked-type=\"in-line\" data-kioskid=\"01kfs217g4wckgpqjvb9cmwra7\" data-kiosked-cntrid=\"12549_0c8312a9cbd75de3712519fccaf40991\">\n<div class=\"kskdDiv\" data-kiosked-role=\"boundary\">\n<div class=\"kskdDiv\" data-kioskid=\"01kfs217g4wckgpqjvb9cmwra7\" data-kiosked-role=\"ad-container\">\n<div class=\"kskdDiv\" data-kskd-type=\"banner\" data-width=\"728\" data-height=\"90\"><\/div>\n<\/div>\n<\/div>\n<\/div><figcaption><\/figcaption><\/figure>\n<\/div>\n<div class=\"liveBlogItem\">\n<div class=\"liveBlogItemTime\"><\/div>\n<h2 id=\"lbp_a54\">En qu\u00e9 estadio jugar\u00e1n Barracas Central vs. River Plate<\/h2>\n<p>&nbsp;<\/p>\n<p>Barracas Central vs. River Plate disputar\u00e1n el partido en el estadio Claudio Chiqui Tapia, en donde Barracas Central jugar\u00e1 de local.<\/p>\n<p>&nbsp;<\/p>\n<\/div>\n<div class=\"liveBlogItem\">\n<h2 id=\"lbp_a55\">Barracas Central y un mercado de pases sufrido<\/h2>\n<p>&nbsp;<\/p>\n<p>El plantel sufri\u00f3 una sangr\u00eda de nombres importantes con las salidas de Javier Ruiz, Nahuel Barrios, Nicol\u00e1s Blandi, Marcos Ledesma, Facundo Kr\u00fcger, Lucas L\u00f3pez y Siro Rosan\u00e9. En contrapartida a estas siete bajas, sum\u00f3 caras nuevas como al puertorrique\u00f1o Wilfredo Rivera o Lucas Gamba.<\/p>\n<div><\/div>\n<p>&nbsp;<\/p>\n<figure data-modal-description=\"Javier Ruiz, el futbolista m\u00e1s gambeteador del Clausura que perder\u00e1 Barracas Central (@javierruiz10).\" data-modal-image=\"https:\/\/media.tycsports.com\/files\/2025\/12\/24\/911692\/javier-ruiz_w862.webp\"><img loading=\"lazy\" decoding=\"async\" class=\"mainImg r16x9\" title=\"Javier Ruiz\" src=\"https:\/\/media.tycsports.com\/files\/2025\/12\/24\/911692\/javier-ruiz_416x234.webp?v=1\" srcset=\"https:\/\/media.tycsports.com\/files\/2025\/12\/24\/911692\/javier-ruiz_416x234.webp?v=1 960w,https:\/\/media.tycsports.com\/files\/2025\/12\/24\/911692\/javier-ruiz_862x485.webp 1024w\" alt=\"Javier Ruiz\" width=\"416\" height=\"234\" data-src=\"https:\/\/media.tycsports.com\/files\/2025\/12\/24\/911692\/javier-ruiz_416x234.webp?v=1\" data-srcset=\"https:\/\/media.tycsports.com\/files\/2025\/12\/24\/911692\/javier-ruiz_416x234.webp?v=1 960w,https:\/\/media.tycsports.com\/files\/2025\/12\/24\/911692\/javier-ruiz_862x485.webp 1024w\" data-kiosked-context-name=\"kskdUIContext_01kfs217fjj5zaxe157gfrxdfp\" \/><\/p>\n<div id=\"kskd01kfs217g4jzk1x2ees12a9zp4\" class=\"kskdDiv kskdCls\" data-kiosked-role=\"anchor\" data-kiosked-type=\"in-line\" data-kioskid=\"01kfs217g4jzk1x2ees12a9zp4\" data-kiosked-cntrid=\"12549_8b52d5e319d5bb45eff4c413659dfdab\">\n<div class=\"kskdDiv\" data-kiosked-role=\"boundary\">\n<div class=\"kskdDiv\" data-kioskid=\"01kfs217g4jzk1x2ees12a9zp4\" data-kiosked-role=\"ad-container\">\n<div class=\"kskdDiv\" data-kskd-type=\"banner\" data-width=\"728\" data-height=\"90\"><\/div>\n<\/div>\n<\/div>\n<\/div><figcaption>Javier Ruiz, el futbolista m\u00e1s gambeteador del Clausura que perder\u00e1 Barracas Centra<\/figcaption><\/figure>\n<\/div>\n<div class=\"liveBlogItem\">\n<h2 id=\"lbp_a57\">River, con los tres refuerzos de titulares<\/h2>\n<p>&nbsp;<\/p>\n<p>El Millonario apostar\u00e1 por sus tres caras nuevas desde el arranque. Mat\u00edas Vi\u00f1a ocupar\u00e1 el lateral izquierdo en lugar de un Marcos Acu\u00f1a -preservado por precauci\u00f3n-, mientras que Fausto Vera y An\u00edbal Moreno conformar\u00e1n el nuevo eje del mediocampo. Adem\u00e1s, Franco Armani no podr\u00e1 atajar y en su reemplazo estar\u00e1 el juvenil Santiago Beltr\u00e1n.<\/p>\n<div><\/div>\n<p>&nbsp;<\/p>\n<figure data-modal-description=\"An\u00edbal Moreno tuvo su debut con la camiseta de River (Fotobaires)\" data-modal-image=\"https:\/\/media.tycsports.com\/files\/2026\/01\/18\/915954\/anibal-moreno-tuvo-su-debut-con-la-camiseta-de-river_w862.webp\"><img loading=\"lazy\" decoding=\"async\" class=\"mainImg r16x9\" title=\"An\u00edbal Moreno tuvo su debut con la camiseta de River\" src=\"https:\/\/media.tycsports.com\/files\/2026\/01\/18\/915954\/anibal-moreno-tuvo-su-debut-con-la-camiseta-de-river_416x234.webp?v=1\" srcset=\"https:\/\/media.tycsports.com\/files\/2026\/01\/18\/915954\/anibal-moreno-tuvo-su-debut-con-la-camiseta-de-river_416x234.webp?v=1 960w,https:\/\/media.tycsports.com\/files\/2026\/01\/18\/915954\/anibal-moreno-tuvo-su-debut-con-la-camiseta-de-river_862x485.webp?v=1 1024w\" alt=\"An\u00edbal Moreno tuvo su debut con la camiseta de River\" width=\"416\" height=\"234\" data-src=\"https:\/\/media.tycsports.com\/files\/2026\/01\/18\/915954\/anibal-moreno-tuvo-su-debut-con-la-camiseta-de-river_416x234.webp?v=1\" data-srcset=\"https:\/\/media.tycsports.com\/files\/2026\/01\/18\/915954\/anibal-moreno-tuvo-su-debut-con-la-camiseta-de-river_416x234.webp?v=1 960w,https:\/\/media.tycsports.com\/files\/2026\/01\/18\/915954\/anibal-moreno-tuvo-su-debut-con-la-camiseta-de-river_862x485.webp?v=1 1024w\" \/><figcaption>An\u00edbal Moreno tuvo su debut con la camiseta de River (Fotobaires)<\/figcaption><\/figure>\n<\/div>\n<div class=\"liveBlogItem\">\n<div class=\"liveBlogItemTime\"><\/div>\n<h2 id=\"lbp_a58\">El presente de Barracas Central<\/h2>\n<p>&nbsp;<\/p>\n<p>El conjunto de Rub\u00e9n Dar\u00edo Ins\u00faa viene de sellar un 2025 hist\u00f3rico tras finalizar en el top 10 de la Tabla Anual, logrando as\u00ed una in\u00e9dita clasificaci\u00f3n a la Copa Sudamericana, en lo que ser\u00e1 su primera participaci\u00f3n internacional.<\/p>\n<div><\/div>\n<p>&nbsp;<\/p>\n<figure data-modal-description=\"El Gallego Insua continuar\u00e1 otro a\u00f1o como entrenador de Barracas Central.\" data-modal-image=\"https:\/\/media.tycsports.com\/files\/2026\/01\/23\/917352\/insua_w862.webp\"><img loading=\"lazy\" decoding=\"async\" class=\"mainImg r16x9\" title=\"Insua\" src=\"https:\/\/media.tycsports.com\/files\/2026\/01\/23\/917352\/insua_416x234.webp?v=3\" srcset=\"https:\/\/media.tycsports.com\/files\/2026\/01\/23\/917352\/insua_416x234.webp?v=3 960w,https:\/\/media.tycsports.com\/files\/2026\/01\/23\/917352\/insua_862x485.webp?v=3 1024w\" alt=\"Insua\" width=\"416\" height=\"234\" data-src=\"https:\/\/media.tycsports.com\/files\/2026\/01\/23\/917352\/insua_416x234.webp?v=3\" data-srcset=\"https:\/\/media.tycsports.com\/files\/2026\/01\/23\/917352\/insua_416x234.webp?v=3 960w,https:\/\/media.tycsports.com\/files\/2026\/01\/23\/917352\/insua_862x485.webp?v=3 1024w\" data-kiosked-context-name=\"kskdUIContext_01kfs217fjj5zaxe157gfrxdfp\" \/><\/p>\n<div id=\"kskd01kfs217g46ryng2q784hn4qtd\" class=\"kskdDiv kskdCls\" data-kiosked-role=\"anchor\" data-kiosked-type=\"in-line\" data-kioskid=\"01kfs217g46ryng2q784hn4qtd\" data-kiosked-cntrid=\"12549_a1320300d48ea764904bb627f1cb649b\">\n<div class=\"kskdDiv\" data-kiosked-role=\"boundary\">\n<div class=\"kskdDiv\" data-kioskid=\"01kfs217g46ryng2q784hn4qtd\" data-kiosked-role=\"ad-container\">\n<div class=\"kskdDiv\" data-kskd-type=\"banner\" data-width=\"728\" data-height=\"90\"><\/div>\n<\/div>\n<\/div>\n<\/div><figcaption><\/figcaption><\/figure>\n<\/div>\n<div class=\"liveBlogItem\">\n<h2 id=\"lbp_a59\">C\u00f3mo llega River al debut en el Apertura<\/h2>\n<p>&nbsp;<\/p>\n<p>El elenco de Marcelo Gallardo arriba con rodaje tras completar su preparaci\u00f3n en Uruguay. En suelo charr\u00faa, venci\u00f3 por la m\u00ednima a Millonarios con un grito de penal de Gonzalo Montiel y, posteriormente, se impuso desde los doce pasos ante Pe\u00f1arol tras igualar sin goles en el tiempo reglamentario.<\/p>\n<\/div>\n","protected":false},"excerpt":{"rendered":"<p>Con un tanto del lateral despu\u00e9s de una pelota preparada, el Millonario se impuso por 1-0 en su visita al Guapo y comenz\u00f3 el certamen con una sonrisa. Fueron titulares Vi\u00f1a, Moreno y Vera. River arranc\u00f3 el torneo Apertura 2026 con una\u00a0buena victoria en su visita a Barracas Central por 1-0, gracias al tanto convertido [&hellip;]<\/p>\n","protected":false},"author":2,"featured_media":29410,"comment_status":"open","ping_status":"open","sticky":false,"template":"","format":"standard","meta":{"footnotes":""},"categories":[78],"tags":[],"class_list":{"0":"post-29409","1":"post","2":"type-post","3":"status-publish","4":"format-standard","5":"has-post-thumbnail","7":"category-deportes"},"_links":{"self":[{"href":"https:\/\/radiobitacora.com.ar\/web\/wp-json\/wp\/v2\/posts\/29409","targetHints":{"allow":["GET"]}}],"collection":[{"href":"https:\/\/radiobitacora.com.ar\/web\/wp-json\/wp\/v2\/posts"}],"about":[{"href":"https:\/\/radiobitacora.com.ar\/web\/wp-json\/wp\/v2\/types\/post"}],"author":[{"embeddable":true,"href":"https:\/\/radiobitacora.com.ar\/web\/wp-json\/wp\/v2\/users\/2"}],"replies":[{"embeddable":true,"href":"https:\/\/radiobitacora.com.ar\/web\/wp-json\/wp\/v2\/comments?post=29409"}],"version-history":[{"count":0,"href":"https:\/\/radiobitacora.com.ar\/web\/wp-json\/wp\/v2\/posts\/29409\/revisions"}],"wp:featuredmedia":[{"embeddable":true,"href":"https:\/\/radiobitacora.com.ar\/web\/wp-json\/wp\/v2\/media\/29410"}],"wp:attachment":[{"href":"https:\/\/radiobitacora.com.ar\/web\/wp-json\/wp\/v2\/media?parent=29409"}],"wp:term":[{"taxonomy":"category","embeddable":true,"href":"https:\/\/radiobitacora.com.ar\/web\/wp-json\/wp\/v2\/categories?post=29409"},{"taxonomy":"post_tag","embeddable":true,"href":"https:\/\/radiobitacora.com.ar\/web\/wp-json\/wp\/v2\/tags?post=29409"}],"curies":[{"name":"wp","href":"https:\/\/api.w.org\/{rel}","templated":true}]}}