{"id":29412,"date":"2026-01-24T19:39:27","date_gmt":"2026-01-24T22:39:27","guid":{"rendered":"https:\/\/radiobitacora.com.ar\/web\/?p=29412"},"modified":"2026-01-24T19:39:27","modified_gmt":"2026-01-24T22:39:27","slug":"palacios-volvio-a-sumar-minutos-en-el-leverkusen-y-le-dio-una-senal-positiva-a-scaloni-rumbo-al-mundial","status":"publish","type":"post","link":"https:\/\/radiobitacora.com.ar\/web\/2026\/01\/24\/palacios-volvio-a-sumar-minutos-en-el-leverkusen-y-le-dio-una-senal-positiva-a-scaloni-rumbo-al-mundial\/","title":{"rendered":"PALACIOS VOLVI\u00d3 A SUMAR MINUTOS EN EL LEVERKUSEN Y LE DIO UNA SE\u00d1AL POSITIVA A SCALONI RUMBO AL MUNDIAL"},"content":{"rendered":"<p><b>El mediocampista tucumano dej\u00f3 atr\u00e1s una lesi\u00f3n compleja que lo mantuvo fuera de las canchas durante meses<\/b>. Su \u00faltimo partido hab\u00eda sido el 12 de septiembre de 2025, cuando sufri\u00f3 una\u00a0<a href=\"https:\/\/www.tycsports.com\/seleccion-argentina\/exequiel-palacios-lesion-miotendinosa-operacion-bayer-leverkusen-seleccion-argentina-2026-id685839.html\" target=\"_blank\" rel=\"noopener\">lesi\u00f3n miotendinosa en el aductor derecho<\/a>\u00a0que deriv\u00f3 en una intervenci\u00f3n quir\u00fargica.<\/p>\n<p>M\u00e1s de 130 d\u00edas despu\u00e9s, el Tucu volvi\u00f3 a ponerse los botines en competencia. Este s\u00e1bado\u00a0<b>ingres\u00f3 a los 72 minutos en el triunfo 1-0 del Bayer Leverkusen frente al Werder Bremen<\/b>, por la fecha 19 de la Bundesliga.<\/p>\n<p><b>El regreso ya ven\u00eda siendo anticipado desde el cuerpo t\u00e9cnico del equipo alem\u00e1n<\/b>. Durante la semana, el volante se entren\u00f3 con normalidad junto al grupo y el entrenador Kasper Hjulmand decidi\u00f3 incluirlo entre los convocados, d\u00e1ndole rodaje tras un largo parate.<\/p>\n<p><b>La noticia fue bien recibida en la Selecci\u00f3n Argentina<\/b>. Con la Finalissima en marzo y la Copa del Mundo cada vez m\u00e1s cerca, Palacios aparece como una pieza importante dentro del esquema de Scaloni si logra continuidad y ritmo competitivo.<\/p>\n<p>Su historia con la Albiceleste respalda esa consideraci\u00f3n. Desde su debut en 2018, disput\u00f3 37 partidos internacionales, dio seis asistencias y\u00a0<b>form\u00f3 parte de todos los t\u00edtulos del ciclo: las dos Copas Am\u00e9rica, la Finalissima y el Mundial de Qatar<\/b>.<\/p>\n<p><b>A nivel club, el regreso tambi\u00e9n fue celebrado por los hinchas del Leverkusen<\/b>. En la actual temporada hab\u00eda sumado apenas 44 minutos antes de la lesi\u00f3n, y este s\u00e1bado agreg\u00f3 otros 22, en un club donde es muy valorado por su rol clave en la Bundesliga conquistada bajo la conducci\u00f3n de Xabi Alonso dos temporadas atr\u00e1s.<\/p>\n<p>&nbsp;<\/p>\n","protected":false},"excerpt":{"rendered":"<p>El mediocampista tucumano dej\u00f3 atr\u00e1s una lesi\u00f3n compleja que lo mantuvo fuera de las canchas durante meses. Su \u00faltimo partido hab\u00eda sido el 12 de septiembre de 2025, cuando sufri\u00f3 una\u00a0lesi\u00f3n miotendinosa en el aductor derecho\u00a0que deriv\u00f3 en una intervenci\u00f3n quir\u00fargica. M\u00e1s de 130 d\u00edas despu\u00e9s, el Tucu volvi\u00f3 a ponerse los botines en competencia. [&hellip;]<\/p>\n","protected":false},"author":2,"featured_media":29413,"comment_status":"open","ping_status":"open","sticky":false,"template":"","format":"standard","meta":{"footnotes":""},"categories":[56],"tags":[],"class_list":{"0":"post-29412","1":"post","2":"type-post","3":"status-publish","4":"format-standard","5":"has-post-thumbnail","7":"category-locales"},"_links":{"self":[{"href":"https:\/\/radiobitacora.com.ar\/web\/wp-json\/wp\/v2\/posts\/29412","targetHints":{"allow":["GET"]}}],"collection":[{"href":"https:\/\/radiobitacora.com.ar\/web\/wp-json\/wp\/v2\/posts"}],"about":[{"href":"https:\/\/radiobitacora.com.ar\/web\/wp-json\/wp\/v2\/types\/post"}],"author":[{"embeddable":true,"href":"https:\/\/radiobitacora.com.ar\/web\/wp-json\/wp\/v2\/users\/2"}],"replies":[{"embeddable":true,"href":"https:\/\/radiobitacora.com.ar\/web\/wp-json\/wp\/v2\/comments?post=29412"}],"version-history":[{"count":0,"href":"https:\/\/radiobitacora.com.ar\/web\/wp-json\/wp\/v2\/posts\/29412\/revisions"}],"wp:featuredmedia":[{"embeddable":true,"href":"https:\/\/radiobitacora.com.ar\/web\/wp-json\/wp\/v2\/media\/29413"}],"wp:attachment":[{"href":"https:\/\/radiobitacora.com.ar\/web\/wp-json\/wp\/v2\/media?parent=29412"}],"wp:term":[{"taxonomy":"category","embeddable":true,"href":"https:\/\/radiobitacora.com.ar\/web\/wp-json\/wp\/v2\/categories?post=29412"},{"taxonomy":"post_tag","embeddable":true,"href":"https:\/\/radiobitacora.com.ar\/web\/wp-json\/wp\/v2\/tags?post=29412"}],"curies":[{"name":"wp","href":"https:\/\/api.w.org\/{rel}","templated":true}]}}