{"id":29418,"date":"2026-01-24T19:52:19","date_gmt":"2026-01-24T22:52:19","guid":{"rendered":"https:\/\/radiobitacora.com.ar\/web\/?p=29418"},"modified":"2026-01-24T19:52:19","modified_gmt":"2026-01-24T22:52:19","slug":"fiesta-nacional-del-chamame-2026","status":"publish","type":"post","link":"https:\/\/radiobitacora.com.ar\/web\/2026\/01\/24\/fiesta-nacional-del-chamame-2026\/","title":{"rendered":"F\u00cdESTA NACIONAL DEL CHAMAM\u00c9 2026"},"content":{"rendered":"<p>&nbsp;<\/p>\n<p>Este a\u00f1o nuevamente el Clima acompa\u00f1\u00f3, que en en eventos masivos y en turismo lo es todo o nada.<\/p>\n<p>Estamos viviendo un lleno total dentro del Cocomarola, no hay mas entradas hasta el Domingo y con un fen\u00f3meno en las calles que rodean al Anfiteatro lleno de personas disfrutando, con pantalla gigante y ba\u00f1os, servicios.<\/p>\n<p>El \u00e9xito de la convocatoria l\u00f3gicamente traer\u00e1 inconvenientes que se van solucionando sobre la marcha y se planificaran medidas para la pr\u00f3xima edici\u00f3n, nuestra F\u00edesta crece en audiencia (YouTube TV Publica, Canales de Aire, y un mill\u00f3n de buscas m\u00e1s que suman a distintos segmentos etarios y de intereses y esta muy bien, m\u00e1s visualizacion m\u00e1s p\u00fablico por\u00e1 la F\u00edesta.<\/p>\n<p>Los que ya vivimos muchas FNChamam\u00e9 no podemos pretender que sea lo que fue hace 10 a\u00f1os o m\u00e1s, la esencia se mantiene y eso no se puede discutir, de los Artistas Nacionales es l\u00f3gico que algunos nos encanten y otros no nos gusten, tolerancia, respeto, empat\u00eda y alegr\u00eda porque es una F\u00edesta, nuestra F\u00edesta, de los Correntinos para el Pa\u00eds y el Mundo.<\/p>\n<p>Este humilde espacio es del sector privado y no existe para el Gobierno lo que me da la Libertad de escribir lo que pienso.<\/p>\n<p>La Directora de Cultura la Sra. @lourdesanchezok nos sorprendi\u00f3 gratamente poniendo todo lo que hay que poner por la FNChamam\u00e9, seguramente adquirir\u00e1 m\u00e1s experiencia con esta primera F\u00edesta a su cargo y tiene el apoyo del Gobernador para el pr\u00f3ximo a\u00f1o innovar, crear, desarrollar aportar a la evoluci\u00f3n del evento.<\/p>\n<p>Solo hay que mantener la identidad, no es muy dif\u00edcil, humildad y los valores de nuestro modo de ser, el Patrimonio Hist\u00f3rico, la Fe en nuestra madrecita del Cielo, la Natura, la esencia del fondo del los parajes, el orgullo sano de tener una calidad musical y po\u00e9tica \u00fanica en el Mundo.<\/p>\n<p>Cultura es Turismo, a los problemas le buscamos las soluciones, al potencial le generamos infraestructura y planificaci\u00f3n para su desarrollo exponencial, el Chamam\u00e9 es sagrado, es alma y las ra\u00edces de nuestro Pueblo, la educaci\u00f3n es todo me dijo alguien que se juega por Corrientes, respetemos el legado y el slogan de la FNCHAMAM\u00c9 2026 \u201cChamam\u00e9, Refugio de Nuestra Identidad\u201d<\/p>\n","protected":false},"excerpt":{"rendered":"<p>&nbsp; Este a\u00f1o nuevamente el Clima acompa\u00f1\u00f3, que en en eventos masivos y en turismo lo es todo o nada. Estamos viviendo un lleno total dentro del Cocomarola, no hay mas entradas hasta el Domingo y con un fen\u00f3meno en las calles que rodean al Anfiteatro lleno de personas disfrutando, con pantalla gigante y ba\u00f1os, [&hellip;]<\/p>\n","protected":false},"author":2,"featured_media":29419,"comment_status":"open","ping_status":"open","sticky":false,"template":"","format":"standard","meta":{"footnotes":""},"categories":[67],"tags":[],"class_list":{"0":"post-29418","1":"post","2":"type-post","3":"status-publish","4":"format-standard","5":"has-post-thumbnail","7":"category-espectaculo"},"_links":{"self":[{"href":"https:\/\/radiobitacora.com.ar\/web\/wp-json\/wp\/v2\/posts\/29418","targetHints":{"allow":["GET"]}}],"collection":[{"href":"https:\/\/radiobitacora.com.ar\/web\/wp-json\/wp\/v2\/posts"}],"about":[{"href":"https:\/\/radiobitacora.com.ar\/web\/wp-json\/wp\/v2\/types\/post"}],"author":[{"embeddable":true,"href":"https:\/\/radiobitacora.com.ar\/web\/wp-json\/wp\/v2\/users\/2"}],"replies":[{"embeddable":true,"href":"https:\/\/radiobitacora.com.ar\/web\/wp-json\/wp\/v2\/comments?post=29418"}],"version-history":[{"count":0,"href":"https:\/\/radiobitacora.com.ar\/web\/wp-json\/wp\/v2\/posts\/29418\/revisions"}],"wp:featuredmedia":[{"embeddable":true,"href":"https:\/\/radiobitacora.com.ar\/web\/wp-json\/wp\/v2\/media\/29419"}],"wp:attachment":[{"href":"https:\/\/radiobitacora.com.ar\/web\/wp-json\/wp\/v2\/media?parent=29418"}],"wp:term":[{"taxonomy":"category","embeddable":true,"href":"https:\/\/radiobitacora.com.ar\/web\/wp-json\/wp\/v2\/categories?post=29418"},{"taxonomy":"post_tag","embeddable":true,"href":"https:\/\/radiobitacora.com.ar\/web\/wp-json\/wp\/v2\/tags?post=29418"}],"curies":[{"name":"wp","href":"https:\/\/api.w.org\/{rel}","templated":true}]}}