{"id":29425,"date":"2026-01-24T20:18:56","date_gmt":"2026-01-24T23:18:56","guid":{"rendered":"https:\/\/radiobitacora.com.ar\/web\/?p=29425"},"modified":"2026-01-24T20:19:08","modified_gmt":"2026-01-24T23:19:08","slug":"cuanto-cuesta-el-iphone-17-pro-max-en-la-argentina-desde-que-bajo-a-0-el-arancel-para-importar","status":"publish","type":"post","link":"https:\/\/radiobitacora.com.ar\/web\/2026\/01\/24\/cuanto-cuesta-el-iphone-17-pro-max-en-la-argentina-desde-que-bajo-a-0-el-arancel-para-importar\/","title":{"rendered":"CU\u00c1NTO CUESTA EL IPHONE 17 PRO MAX EN LA ARGENTINA DESDE QUE BAJ\u00d3 A 0% EL ARANCEL PARA IMPORTAR"},"content":{"rendered":"<p>Los modelos m\u00e1s recientes de los tel\u00e9fonos de Apple registraron una baja de precios, impulsada por la reducci\u00f3n de los costos de importaci\u00f3n<\/p>\n<p>Desde la semana pasada, los celulares importados pueden ingresar a la Argentina sin aranceles, tras una\u00a0<a title=\"https:\/\/www.infobae.com\/economia\/2026\/01\/14\/desde-manana-habra-arancel-0-para-importar-celulares-que-pasara-con-los-precios\/\" href=\"https:\/\/www.infobae.com\/economia\/2026\/01\/14\/desde-manana-habra-arancel-0-para-importar-celulares-que-pasara-con-los-precios\/\" target=\"_blank\" rel=\"noopener noreferrer\" data-mrf-link=\"https:\/\/www.infobae.com\/economia\/2026\/01\/14\/desde-manana-habra-arancel-0-para-importar-celulares-que-pasara-con-los-precios\/\">reducci\u00f3n progresiva<\/a>\u00a0iniciada en mayo de 2025 que hab\u00eda rebajado el impuesto del 16% al 8%. La medida impact\u00f3 en los precios de los\u00a0<b>iPhone<\/b>, uno de los dispositivos m\u00e1s demandados en el pa\u00eds.<\/p>\n<p>El comercio minorista valora la medida para facilitar el acceso a tecnolog\u00eda oficial, especialmente en modelos de alta gama como el iPhone, con expectativas de dinamizaci\u00f3n en ventas gracias tambi\u00e9n a mejores condiciones de financiamiento.<\/p>\n<p>Ahora, el\u00a0<b>iPhone 17 Pro Max<\/b>\u00a0\u2014el modelo m\u00e1s reciente de Apple\u2014 se vende en MacStation a $2.999.990 en su versi\u00f3n de\u00a0<b>256 GB<\/b>. Para dimensionar la carga impositiva incluida en ese valor, sin impuestos nacionales el mismo equipo tendr\u00eda un precio de $2.281.361.<\/p>\n<p>Con la misma capacidad de almacenamiento, el\u00a0<b>iPhone 17 Pro<\/b>\u00a0cuesta $2.699.990, mientras que el<b>\u00a0iPhone 17\u00a0<\/b>se ubica en $1.999.990.<\/p>\n<p>En cuanto a las variantes con mayor memoria, la versi\u00f3n de 512 GB suma $500.000 al precio base y la de 1 TB implica un adicional de $900.000.<\/p>\n<p class=\"paragraph\" data-mrf-recirculation=\"Links inline\">Entre los modelos de la generaci\u00f3n anterior, el\u00a0<b>iPhone 16 Pro Max<\/b>\u00a0(256 GB) se comercializa a $3.199.990, con la opci\u00f3n de pagarlo en 12 cuotas sin inter\u00e9s, mientras que el\u00a0<b>iPhone 16 Pro<\/b>\u00a0cuesta $2.809.989 y puede abonarse en tres cuotas sin inter\u00e9s. El\u00a0<b>iPhone 16<\/b>, por su parte, tiene un valor de $1.699.990 y tambi\u00e9n ofrece financiaci\u00f3n en 12 cuotas.<\/p>\n<p class=\"paragraph\" data-mrf-recirculation=\"Links inline\">Desde MacStation se\u00f1alaron que la rebaja del 8% en los aranceles de importaci\u00f3n ya fue incorporada en la pol\u00edtica de precios aplicada al lanzamiento del iPhone 17 y se extendi\u00f3 a toda la l\u00ednea disponible, incluso antes de la entrada en vigencia plena de la normativa.<\/p>\n<p class=\"paragraph\" data-mrf-recirculation=\"Links inline\">Seg\u00fan explicaron, la decisi\u00f3n se tom\u00f3 desde el inicio de la comercializaci\u00f3n para anticipar el impacto de las medidas anunciadas y acercar los valores locales a la experiencia de consumo.<\/p>\n","protected":false},"excerpt":{"rendered":"<p>Los modelos m\u00e1s recientes de los tel\u00e9fonos de Apple registraron una baja de precios, impulsada por la reducci\u00f3n de los costos de importaci\u00f3n Desde la semana pasada, los celulares importados pueden ingresar a la Argentina sin aranceles, tras una\u00a0reducci\u00f3n progresiva\u00a0iniciada en mayo de 2025 que hab\u00eda rebajado el impuesto del 16% al 8%. La medida [&hellip;]<\/p>\n","protected":false},"author":2,"featured_media":29426,"comment_status":"open","ping_status":"open","sticky":false,"template":"","format":"standard","meta":{"footnotes":""},"categories":[77],"tags":[],"class_list":{"0":"post-29425","1":"post","2":"type-post","3":"status-publish","4":"format-standard","5":"has-post-thumbnail","7":"category-nacionales"},"_links":{"self":[{"href":"https:\/\/radiobitacora.com.ar\/web\/wp-json\/wp\/v2\/posts\/29425","targetHints":{"allow":["GET"]}}],"collection":[{"href":"https:\/\/radiobitacora.com.ar\/web\/wp-json\/wp\/v2\/posts"}],"about":[{"href":"https:\/\/radiobitacora.com.ar\/web\/wp-json\/wp\/v2\/types\/post"}],"author":[{"embeddable":true,"href":"https:\/\/radiobitacora.com.ar\/web\/wp-json\/wp\/v2\/users\/2"}],"replies":[{"embeddable":true,"href":"https:\/\/radiobitacora.com.ar\/web\/wp-json\/wp\/v2\/comments?post=29425"}],"version-history":[{"count":0,"href":"https:\/\/radiobitacora.com.ar\/web\/wp-json\/wp\/v2\/posts\/29425\/revisions"}],"wp:featuredmedia":[{"embeddable":true,"href":"https:\/\/radiobitacora.com.ar\/web\/wp-json\/wp\/v2\/media\/29426"}],"wp:attachment":[{"href":"https:\/\/radiobitacora.com.ar\/web\/wp-json\/wp\/v2\/media?parent=29425"}],"wp:term":[{"taxonomy":"category","embeddable":true,"href":"https:\/\/radiobitacora.com.ar\/web\/wp-json\/wp\/v2\/categories?post=29425"},{"taxonomy":"post_tag","embeddable":true,"href":"https:\/\/radiobitacora.com.ar\/web\/wp-json\/wp\/v2\/tags?post=29425"}],"curies":[{"name":"wp","href":"https:\/\/api.w.org\/{rel}","templated":true}]}}