{"id":29432,"date":"2026-01-24T20:57:53","date_gmt":"2026-01-24T23:57:53","guid":{"rendered":"https:\/\/radiobitacora.com.ar\/web\/?p=29432"},"modified":"2026-01-24T20:58:53","modified_gmt":"2026-01-24T23:58:53","slug":"la-primera-luna-carnavalera-brillo-con-todo-su-esplendor","status":"publish","type":"post","link":"https:\/\/radiobitacora.com.ar\/web\/2026\/01\/24\/la-primera-luna-carnavalera-brillo-con-todo-su-esplendor\/","title":{"rendered":"LA PRIMERA LUNA CARNAVALERA BRILLO CON TODO SU ESPLENDOR"},"content":{"rendered":"<p style=\"font-weight: 400;\">Una apertura con todo el brillo una excelente puesta en escena del Cors\u00f3dromo de Costa Surub\u00ed para recibir en la Alfombra Blanca a las protagonistas de los carnavales goyanos, las comparsas, para destacar en enorme trabaja de cada una de las mismas para presentar un show de calidad para los espectadores, las autoridades y tener la consideraci\u00f3n en la evaluaci\u00f3n final del jurado de la competencia.<\/p>\n<p style=\"font-weight: 400;\">Un despliegue log\u00edstico desde la Municipalidad para brindar las condiciones necesarias de mayor espacio y comodidad para el p\u00fablico, como as\u00ed tambi\u00e9n los servicios de asistencia para los bailarines y el p\u00fablico en general, desde APS, con el EMU, equipo municipal de emergencia, Acci\u00f3n Social con el puesto de hidrataci\u00f3n, sin dejar de reconocer el trabajo de Limpieza Urbana que tras el paso de cada comparsa, \u201crastrillaba\u201d la \u201cAlfombra\u201d para dejar en \u00f3ptimas condiciones para el desfile de los comparseros, sumando el aporte de las otras \u00e1reas y el aporte del servicio de seguridad para garantizar el espect\u00e1culo carnavalero.<\/p>\n<p style=\"font-weight: 400;\">OH BAHIA<\/p>\n<p style=\"font-weight: 400;\">Con el escenario dispuesto la primera luna y as\u00ed lo har\u00e1 durante las sucesivas noches carnavaleras, encendi\u00f3 las emociones la debutante comparsa Oh Bah\u00eda, que propuso desde su tem\u00e1tica brillar al ritmo del por, sorprendiendo al p\u00fablico presente por su prolija presentaci\u00f3n, con cuadros coreogr\u00e1ficos definidos y una muy buena bater\u00eda que augura un promisorio futuro en el carnaval de nuestra ciudad.<\/p>\n<p style=\"font-weight: 400;\">ARAMI<\/p>\n<p style=\"font-weight: 400;\">En el inicio de la competencia carnavalera, lo har\u00e1 en las dos noches restantes, se present\u00f3 Arami combinando a los \u201cAramicitos\u201d con los grandes comparseros muchos de ellos con un vasto recorrido en los carnavales de la ciudad con el objetivo de encontrar los \u201cLatidos del carnaval\u201d demostrando las cualidades de cada uno de sus integrantes, en los cuadros representados, buscando emocionar a todos los espectadores.<\/p>\n<p style=\"font-weight: 400;\">AYMARA<\/p>\n<p style=\"font-weight: 400;\">La Luna Carnavalera, sin pausa dio espacio a la ganadora de las \u00faltimas ediciones de los carnavales Goyanos Aymara, que hizo estremecer el Cors\u00f3dromo con una propuesta que ha dejado claro las intenciones de mantener su condici\u00f3n de campeona con un ensamble arm\u00f3nico de su bater\u00eda, banda musical y los bailarines en cada cuadro representado.<\/p>\n<p style=\"font-weight: 400;\">ITA VERA<\/p>\n<p style=\"font-weight: 400;\">La noche se hizo brillante con la Piedra del Carnaval, Ita Vera que propuso con su \u201cImperia\u201d, donde resume las historias de las grandes civilizaciones, color, m\u00fasica y el brillo caracter\u00edstico de la Piedra del Carnaval los elementos exhibidos por Ita Vera.<\/p>\n<p style=\"font-weight: 400;\">PORAMBA<\/p>\n<p style=\"font-weight: 400;\">Sin dudas en el avance de la noche la Luna Carnavalera de la ciudad extend\u00eda sus luminarias para recibir a la Orqu\u00eddea, Poramba, que dej\u00f3 claro en su presentaci\u00f3n el deseo enorme de ganar la competencia carnavalera, con una imponente propuesta que inicia con el fuego y concluye con la era del conocimiento, la tecnolog\u00eda con los cuadros perfectamente definidos, carros de destaque que se\u00f1alan los descubrimientos a los largo del tiempo con una combinaci\u00f3n musical aportada por su banda de la Orqu\u00eddea y la Bater\u00eda, ratificando que Poramba, est\u00e1 lista para la competencia 2026.<\/p>\n<p style=\"font-weight: 400;\">TROPICAL<\/p>\n<p style=\"font-weight: 400;\">El cierre de la primera jornada de los corsos oficiales de nuestra ciudad, estuvo marcado por la historia y la proyecci\u00f3n futura, con la Comparsa Sol que en su demostraci\u00f3n de 50 a\u00f1os de permanencia en los circuitos carnavaleros, desde la Calle Col\u00f3n hasta el Cors\u00f3dromo Costa Surubi, que no es solo la historia de Tropical, sino un verdadero homenaje a los carnavales goyanos, porque en su paso por la Alfombra Blanca en el rescate de la historia la compara gitana (Zingarella) tiene un merecido reconocimiento, con una propuesta que marca el objetivo de poner a la comparsa en el mejor nivel competitivo con el aporte en la m\u00fasica para crear su himno del m\u00fasico Diego Rinaldi y la Bater\u00eda que basada en lo historia quiere ser presente con la recordada \u201cLa Inmortal\u201d, de algo si uno puede estar seguro en la primera noche mostr\u00f3 la esencia de la comparsa sol, ser la alegr\u00eda, el esp\u00edritu del carnaval.<\/p>\n<p style=\"font-weight: 400;\">JURADO DEL CARNAVAL<\/p>\n<p style=\"font-weight: 400;\">Sin dudas todas estas son apreciaciones, consideraciones de una observaci\u00f3n general mezclada con sensaciones emotivas, porque la gran devoluci\u00f3n, evaluaci\u00f3n mediante que siempre har\u00e1 el jurado con sus determinaciones y fallos en la Fiesta de Momo, precisamente al concluir la primera luna carnavalera Yamila Vanesa Gomez de la ciudad de Mercedes; Artista Integral, Diplomada en Carnaval con amplia trayectoria en comparsas de Rio de Janeiro; Uruguayana, Mercedes, Corrientes y C\u00f3rdoba destac\u00e1ndose como reina, musa pasista internacional otorgando la val\u00eda para el desempe\u00f1o de esta funci\u00f3n, junto a Gabriela Iriarte de Curuz\u00fa Cuatia; dise\u00f1adora de indumentaria y bailarina, egresada de la UBA, directora y profesora de la Academia \u201cBailamix\u201d, siendo adem\u00e1s reina de carnaval durante los a\u00f1os 2014, 2021 y 2022, sumando a V\u00edctor Ram\u00f3n Turraca de la ciudad de Corrientes, realizo estudios de percusi\u00f3n afro brasile\u00f1o en la UNNE, jurado de los carnavales de Concordia (Entre R\u00edos) de los artesanales de Monte Caseros entre otros, siendo director de bater\u00eda de las comparsas Sapukay, Kamandukaia; Samba Show, Copacabana y Arand\u00fa Belleza y de comparsas de otras ciudades, integrantes del Jurado de la primera velada en sobre cerrado entregaron sus consideraciones para sumar a las devoluciones de los otros miembros del jurado de la segunda y tercera noche carnavalera que son las que suman los puntos a la competencia.<\/p>\n<p style=\"font-weight: 400;\">Todo preparado para la segunda noche, con las expectativas crecientes de comparseros y p\u00fablico que volver\u00e1n a encontrarse este s\u00e1bado 24 de enero desde las 22 horas, en el Cors\u00f3dromo de Costa Surub\u00ed.<\/p>\n<p style=\"font-weight: 400;\">Direcci\u00f3n de Prensa-Municipalidad de Goya<\/p>\n","protected":false},"excerpt":{"rendered":"<p>Una apertura con todo el brillo una excelente puesta en escena del Cors\u00f3dromo de Costa Surub\u00ed para recibir en la Alfombra Blanca a las protagonistas de los carnavales goyanos, las comparsas, para destacar en enorme trabaja de cada una de las mismas para presentar un show de calidad para los espectadores, las autoridades y tener [&hellip;]<\/p>\n","protected":false},"author":2,"featured_media":29433,"comment_status":"open","ping_status":"open","sticky":false,"template":"","format":"standard","meta":{"footnotes":""},"categories":[56],"tags":[],"class_list":{"0":"post-29432","1":"post","2":"type-post","3":"status-publish","4":"format-standard","5":"has-post-thumbnail","7":"category-locales"},"_links":{"self":[{"href":"https:\/\/radiobitacora.com.ar\/web\/wp-json\/wp\/v2\/posts\/29432","targetHints":{"allow":["GET"]}}],"collection":[{"href":"https:\/\/radiobitacora.com.ar\/web\/wp-json\/wp\/v2\/posts"}],"about":[{"href":"https:\/\/radiobitacora.com.ar\/web\/wp-json\/wp\/v2\/types\/post"}],"author":[{"embeddable":true,"href":"https:\/\/radiobitacora.com.ar\/web\/wp-json\/wp\/v2\/users\/2"}],"replies":[{"embeddable":true,"href":"https:\/\/radiobitacora.com.ar\/web\/wp-json\/wp\/v2\/comments?post=29432"}],"version-history":[{"count":0,"href":"https:\/\/radiobitacora.com.ar\/web\/wp-json\/wp\/v2\/posts\/29432\/revisions"}],"wp:featuredmedia":[{"embeddable":true,"href":"https:\/\/radiobitacora.com.ar\/web\/wp-json\/wp\/v2\/media\/29433"}],"wp:attachment":[{"href":"https:\/\/radiobitacora.com.ar\/web\/wp-json\/wp\/v2\/media?parent=29432"}],"wp:term":[{"taxonomy":"category","embeddable":true,"href":"https:\/\/radiobitacora.com.ar\/web\/wp-json\/wp\/v2\/categories?post=29432"},{"taxonomy":"post_tag","embeddable":true,"href":"https:\/\/radiobitacora.com.ar\/web\/wp-json\/wp\/v2\/tags?post=29432"}],"curies":[{"name":"wp","href":"https:\/\/api.w.org\/{rel}","templated":true}]}}