{"id":29437,"date":"2026-01-26T08:54:09","date_gmt":"2026-01-26T11:54:09","guid":{"rendered":"https:\/\/radiobitacora.com.ar\/web\/?p=29437"},"modified":"2026-01-26T08:54:09","modified_gmt":"2026-01-26T11:54:09","slug":"goya-se-viste-de-fiesta","status":"publish","type":"post","link":"https:\/\/radiobitacora.com.ar\/web\/2026\/01\/26\/goya-se-viste-de-fiesta\/","title":{"rendered":"GOYA SE VISTE DE FIESTA"},"content":{"rendered":"<p style=\"font-weight: 400;\">\n<p style=\"font-weight: 400;\">Ignacio Nacho Vilas logr\u00f3 debutar y triunfar en la primer final de TCpista mouras en el Aut\u00f3dromo Roberto Mouras de la Plata<\/p>\n<p style=\"font-weight: 400;\">El Goyano hab\u00eda comenzado muy bien con los entrenamientos del d\u00eda viernes quedando con la Pool de 1,279<\/p>\n<p style=\"font-weight: 400;\">El d\u00eda s\u00e1bado durantes los entrenamientos punte\u00f3 y a \u00faltimo momento antes del cierre de las pruebas qued\u00f3 2 a dos mil\u00e9simas del primero Haimen Rubiera<\/p>\n<p style=\"font-weight: 400;\">Lleg\u00f3 el momento de clasificar y al colocar gomas nuevas el auto perdi\u00f3 un segundo por vuelta y tras ser tapado en tres oportunidades clasific\u00f3 6 siendo luego asentido al puesto quinto por descalificaci\u00f3n de un auto por estar fuera de reglamento<\/p>\n<p style=\"font-weight: 400;\">\n<p style=\"font-weight: 400;\">El d\u00eda domingo a las 10 hs se larg\u00f3 la serie en donde larg\u00f3 5 y tras un toque al pasar al cuarto puesto qued\u00f3 relegado al 7 recuperando y terminando en el 5to puesto<\/p>\n<p style=\"font-weight: 400;\">Por t\u00e9cnica se descalifica a quien terminase 4 lo que le permiti\u00f3 a Nacho Vilas largar la final en el 4 puesto de la grilla por el sector externo lo que aprovech\u00f3 para pasar al tercero por afuera en el curvon\u00a0 a m\u00e1s de 200 km<\/p>\n<p style=\"font-weight: 400;\">Tras el ingreso del pace car Vilas se posiciona 2do a dos segundos de la punta donde empez\u00f3 a descontar y faltando 4 vueltas Rubiera Hainze tiene un problema con el captor aprovechando el Goyano &#8220;Nacho&#8221; Vilas y tomando la punta la que no largar\u00eda m\u00e1s hasta el final sacando m\u00e1s de 9 segundos a quien lo escolt\u00f3.<\/p>\n<p style=\"font-weight: 400;\">Gan\u00f3 Nacho Ignacio Vilas la promesa Goyana que enorgullece a Corrientes<\/p>\n<p style=\"font-weight: 400;\">\n<p style=\"font-weight: 400;\">\n<p style=\"font-weight: 400;\">Direcci\u00f3n de Prensa \u2013 Municipalidad de Goya.<\/p>\n","protected":false},"excerpt":{"rendered":"<p>Ignacio Nacho Vilas logr\u00f3 debutar y triunfar en la primer final de TCpista mouras en el Aut\u00f3dromo Roberto Mouras de la Plata El Goyano hab\u00eda comenzado muy bien con los entrenamientos del d\u00eda viernes quedando con la Pool de 1,279 El d\u00eda s\u00e1bado durantes los entrenamientos punte\u00f3 y a \u00faltimo momento antes del cierre de [&hellip;]<\/p>\n","protected":false},"author":2,"featured_media":29438,"comment_status":"open","ping_status":"open","sticky":false,"template":"","format":"standard","meta":{"footnotes":""},"categories":[56],"tags":[],"class_list":{"0":"post-29437","1":"post","2":"type-post","3":"status-publish","4":"format-standard","5":"has-post-thumbnail","7":"category-locales"},"_links":{"self":[{"href":"https:\/\/radiobitacora.com.ar\/web\/wp-json\/wp\/v2\/posts\/29437","targetHints":{"allow":["GET"]}}],"collection":[{"href":"https:\/\/radiobitacora.com.ar\/web\/wp-json\/wp\/v2\/posts"}],"about":[{"href":"https:\/\/radiobitacora.com.ar\/web\/wp-json\/wp\/v2\/types\/post"}],"author":[{"embeddable":true,"href":"https:\/\/radiobitacora.com.ar\/web\/wp-json\/wp\/v2\/users\/2"}],"replies":[{"embeddable":true,"href":"https:\/\/radiobitacora.com.ar\/web\/wp-json\/wp\/v2\/comments?post=29437"}],"version-history":[{"count":0,"href":"https:\/\/radiobitacora.com.ar\/web\/wp-json\/wp\/v2\/posts\/29437\/revisions"}],"wp:featuredmedia":[{"embeddable":true,"href":"https:\/\/radiobitacora.com.ar\/web\/wp-json\/wp\/v2\/media\/29438"}],"wp:attachment":[{"href":"https:\/\/radiobitacora.com.ar\/web\/wp-json\/wp\/v2\/media?parent=29437"}],"wp:term":[{"taxonomy":"category","embeddable":true,"href":"https:\/\/radiobitacora.com.ar\/web\/wp-json\/wp\/v2\/categories?post=29437"},{"taxonomy":"post_tag","embeddable":true,"href":"https:\/\/radiobitacora.com.ar\/web\/wp-json\/wp\/v2\/tags?post=29437"}],"curies":[{"name":"wp","href":"https:\/\/api.w.org\/{rel}","templated":true}]}}