{"id":29444,"date":"2026-01-26T09:13:38","date_gmt":"2026-01-26T12:13:38","guid":{"rendered":"https:\/\/radiobitacora.com.ar\/web\/?p=29444"},"modified":"2026-01-26T09:13:38","modified_gmt":"2026-01-26T12:13:38","slug":"no-me-dejaron-ni-una-remera","status":"publish","type":"post","link":"https:\/\/radiobitacora.com.ar\/web\/2026\/01\/26\/no-me-dejaron-ni-una-remera\/","title":{"rendered":"\u201cNO ME DEJARON NI UNA REMERA\u201d"},"content":{"rendered":"<h1 class=\"article__title font__display\">Una influencer denunci\u00f3 que le desvalijaron el departamento en Mar del Plata<\/h1>\n<p class=\"paragraph font__body-regular\">La influencer<b>\u00a0M\u00eda Mart\u00ednez<\/b>\u00a0denunci\u00f3 que fue v\u00edctima de un violento robo en el departamento donde se aloja en\u00a0<a title=\"https:\/\/tn.com.ar\/policiales\/2026\/01\/25\/un-auto-choco-con-un-tren-que-iba-hacia-mar-del-plata-hay-tres-heridos\/\" href=\"https:\/\/tn.com.ar\/policiales\/2026\/01\/25\/un-auto-choco-con-un-tren-que-iba-hacia-mar-del-plata-hay-tres-heridos\/\" target=\"_self\" rel=\"\"><b>Mar del Plata<\/b><\/a>\u00a0por trabajo. Ocurri\u00f3 durante la madrugada mientras hab\u00eda salido con unos amigos por unas horas. Al regresar,<b>\u00a0encontraron el lugar completamente revuelto\u00a0<\/b>y pr\u00e1cticamente vac\u00edo.<\/p>\n<div id=\"ad-slot-infeed\" class=\"infeed-container\"><\/div>\n<p class=\"paragraph font__body-regular\"><b>\u201cFue una de las situaciones m\u00e1s feas que tuve que atravesar en mi vida\u201d<\/b>, relat\u00f3 Mart\u00ednez en un video que comparti\u00f3 en su cuenta de Instagram. Seg\u00fan cont\u00f3, hab\u00edan salido cerca de la 1.30 y regresaron alrededor de las 6.45. Al llegar,<b>\u00a0notaron que el port\u00f3n estaba abierto,\u00a0<\/b>aunque con la traba colocada. Descubrieron que no hab\u00eda llaves puestas y que varias bolsas estaban tiradas en el piso.<\/p>\n<p class=\"paragraph font__body-regular\"><i><b>Le\u00e9 tambi\u00e9n:\u00a0<\/b><\/i><a title=\"https:\/\/tn.com.ar\/internacional\/2026\/01\/25\/video-un-argentino-fue-estafado-al-cambiar-dolares-en-santiago-de-chile-persiguio-al-delincuente-y-lo-atrapo\/\" href=\"https:\/\/tn.com.ar\/internacional\/2026\/01\/25\/video-un-argentino-fue-estafado-al-cambiar-dolares-en-santiago-de-chile-persiguio-al-delincuente-y-lo-atrapo\/\" target=\"_self\" rel=\"\"><i><b>Video: un argentino fue estafado al cambiar d\u00f3lares en Santiago de Chile, persigui\u00f3 al delincuente y lo atrap\u00f3<\/b><\/i><\/a><\/p>\n<p class=\"paragraph font__body-regular\">\u201cDe repente me cae la ficha:\u00a0<b>no estaba el televisor y la casa estaba toda dada vuelta.<\/b>\u00a0No me dejaron ni la ropa interior\u201d, describi\u00f3. Los delincuentes se llevaron toda su ropa, zapatos, maquillaje y herramientas de trabajo. \u201cVine a trabajar mucho tiempo y me traje toda mi ropa.\u00a0<b>No me dejaron ni una remera, no tengo corpi\u00f1o y no tengo un conjunto deportivo<\/b>\u201d, sigui\u00f3.<\/p>\n<p class=\"paragraph font__body-regular\">Tambi\u00e9n robaron pertenencias de sus amigos, entre ellas\u00a0<b>un dron y una computadora<\/b>. Adem\u00e1s, se llevaron botellas de alcohol, joyas, tarjetas de cr\u00e9dito y hasta una botella pl\u00e1stica de agua.<b>\u00a0\u201cAgradezco que me dejaran el mate\u201d<\/b>, dijo.<\/p>\n<p class=\"paragraph font__body-regular\">La influencer cont\u00f3 que se siente angustiada por la situaci\u00f3n y que\u00a0<b>todav\u00eda no saben c\u00f3mo van a recomponerse<\/b>. Este domingo estuvieron varias horas en la fiscal\u00eda realizando la denuncia.<\/p>\n<p>Si bien hay c\u00e1maras de seguridad que registraron el momento en que abren las puertas del departamento, la cara de uno de los sospechosos no qued\u00f3 identificada.<b>\u00a0\u201cEstamos sin saber c\u00f3mo hacer.\u00a0<\/b>Ahora nos queda solo confiar en el proceso policial\u201d, complet\u00f3.<\/p>\n","protected":false},"excerpt":{"rendered":"<p>Una influencer denunci\u00f3 que le desvalijaron el departamento en Mar del Plata La influencer\u00a0M\u00eda Mart\u00ednez\u00a0denunci\u00f3 que fue v\u00edctima de un violento robo en el departamento donde se aloja en\u00a0Mar del Plata\u00a0por trabajo. Ocurri\u00f3 durante la madrugada mientras hab\u00eda salido con unos amigos por unas horas. Al regresar,\u00a0encontraron el lugar completamente revuelto\u00a0y pr\u00e1cticamente vac\u00edo. \u201cFue una [&hellip;]<\/p>\n","protected":false},"author":2,"featured_media":29445,"comment_status":"open","ping_status":"open","sticky":false,"template":"","format":"standard","meta":{"footnotes":""},"categories":[84],"tags":[],"class_list":{"0":"post-29444","1":"post","2":"type-post","3":"status-publish","4":"format-standard","5":"has-post-thumbnail","7":"category-policiales"},"_links":{"self":[{"href":"https:\/\/radiobitacora.com.ar\/web\/wp-json\/wp\/v2\/posts\/29444","targetHints":{"allow":["GET"]}}],"collection":[{"href":"https:\/\/radiobitacora.com.ar\/web\/wp-json\/wp\/v2\/posts"}],"about":[{"href":"https:\/\/radiobitacora.com.ar\/web\/wp-json\/wp\/v2\/types\/post"}],"author":[{"embeddable":true,"href":"https:\/\/radiobitacora.com.ar\/web\/wp-json\/wp\/v2\/users\/2"}],"replies":[{"embeddable":true,"href":"https:\/\/radiobitacora.com.ar\/web\/wp-json\/wp\/v2\/comments?post=29444"}],"version-history":[{"count":0,"href":"https:\/\/radiobitacora.com.ar\/web\/wp-json\/wp\/v2\/posts\/29444\/revisions"}],"wp:featuredmedia":[{"embeddable":true,"href":"https:\/\/radiobitacora.com.ar\/web\/wp-json\/wp\/v2\/media\/29445"}],"wp:attachment":[{"href":"https:\/\/radiobitacora.com.ar\/web\/wp-json\/wp\/v2\/media?parent=29444"}],"wp:term":[{"taxonomy":"category","embeddable":true,"href":"https:\/\/radiobitacora.com.ar\/web\/wp-json\/wp\/v2\/categories?post=29444"},{"taxonomy":"post_tag","embeddable":true,"href":"https:\/\/radiobitacora.com.ar\/web\/wp-json\/wp\/v2\/tags?post=29444"}],"curies":[{"name":"wp","href":"https:\/\/api.w.org\/{rel}","templated":true}]}}