{"id":29447,"date":"2026-01-26T09:16:54","date_gmt":"2026-01-26T12:16:54","guid":{"rendered":"https:\/\/radiobitacora.com.ar\/web\/?p=29447"},"modified":"2026-01-26T09:16:54","modified_gmt":"2026-01-26T12:16:54","slug":"dia-mundial-de-la-educacion-ambiental","status":"publish","type":"post","link":"https:\/\/radiobitacora.com.ar\/web\/2026\/01\/26\/dia-mundial-de-la-educacion-ambiental\/","title":{"rendered":"D\u00cdA MUNDIAL DE LA EDUCACI\u00d3N AMBIENTAL"},"content":{"rendered":"<div class=\"td_block_wrap tdb_title tdi_65 tdb-single-title td-pb-border-top td_block_template_4\" data-td-block-uid=\"tdi_65\">\n<div class=\"tdb-block-inner td-fix-index\">\n<h1 class=\"tdb-title-text\">Un llamado global a trabajar para salvar el planeta<\/h1>\n<h2 class=\"subtitle\"><span style=\"font-size: 14pt;\">Cada 26 de enero se celebra esta fecha destinada a concienciar sobre la importancia de preservar los recursos naturales y fomentar la participaci\u00f3n activa en la protecci\u00f3n del medio ambiente, para garantizar un futuro sustentable para las pr\u00f3ximas generaciones.<\/span><\/h2>\n<p><span style=\"font-size: 14pt;\">Cada 26 de enero de cada a\u00f1o se celebra el D\u00eda Mundial de la Educaci\u00f3n Ambiental, un evento clave para promover la conciencia sobre la necesidad urgente de proteger nuestro planeta. Este d\u00eda tiene como objetivo sensibilizar a las personas acerca de los problemas medioambientales y fomentar una mayor participaci\u00f3n en las iniciativas globales para la conservaci\u00f3n del medio ambiente.<\/span><\/p>\n<p><span style=\"font-size: 14pt;\">La educaci\u00f3n ambiental se considera uno de los pilares fundamentales para alcanzar un futuro sostenible. En su n\u00facleo, busca que las personas comprendan el impacto de sus acciones sobre la naturaleza, fomentando conductas y h\u00e1bitos que favorezcan la preservaci\u00f3n de los recursos naturales. En un mundo cada vez m\u00e1s afectado por el cambio clim\u00e1tico, la deforestaci\u00f3n, la extinci\u00f3n de especies y otros desastres ecol\u00f3gicos, este tipo de educaci\u00f3n es crucial.<\/span><\/p>\n<p><span style=\"font-size: 14pt;\">La importancia de la educaci\u00f3n ambiental<\/span><\/p>\n<p><span style=\"font-size: 14pt;\">En un planeta donde los ecosistemas son cada vez m\u00e1s vulnerables, comprender que los recursos naturales no son infinitos es esencial. La educaci\u00f3n ambiental proporciona las herramientas necesarias para que los individuos, comunidades y gobiernos tomen decisiones informadas y responsables en relaci\u00f3n con el entorno. A trav\u00e9s de este tipo de educaci\u00f3n, se busca revertir los da\u00f1os ambientales causados por siglos de explotaci\u00f3n desmedida, fomentando un equilibrio entre las actividades humanas y la naturaleza.<\/span><\/p>\n<div><span style=\"font-size: 14pt; color: #111111; font-family: Roboto, sans-serif;\">Cada 26 de enero se celebra esta fecha destinada a concienciar sobre la importancia de preservar los recursos naturales y fomentar la participaci\u00f3n activa en la protecci\u00f3n del medio ambiente, para garantizar un futuro sustentable para las pr\u00f3ximas generaciones.<\/span><\/div>\n<\/div>\n<\/div>\n","protected":false},"excerpt":{"rendered":"<p>Un llamado global a trabajar para salvar el planeta Cada 26 de enero se celebra esta fecha destinada a concienciar sobre la importancia de preservar los recursos naturales y fomentar la participaci\u00f3n activa en la protecci\u00f3n del medio ambiente, para garantizar un futuro sustentable para las pr\u00f3ximas generaciones. Cada 26 de enero de cada a\u00f1o [&hellip;]<\/p>\n","protected":false},"author":2,"featured_media":29448,"comment_status":"open","ping_status":"open","sticky":false,"template":"","format":"standard","meta":{"footnotes":""},"categories":[90],"tags":[],"class_list":{"0":"post-29447","1":"post","2":"type-post","3":"status-publish","4":"format-standard","5":"has-post-thumbnail","7":"category-ecologia"},"_links":{"self":[{"href":"https:\/\/radiobitacora.com.ar\/web\/wp-json\/wp\/v2\/posts\/29447","targetHints":{"allow":["GET"]}}],"collection":[{"href":"https:\/\/radiobitacora.com.ar\/web\/wp-json\/wp\/v2\/posts"}],"about":[{"href":"https:\/\/radiobitacora.com.ar\/web\/wp-json\/wp\/v2\/types\/post"}],"author":[{"embeddable":true,"href":"https:\/\/radiobitacora.com.ar\/web\/wp-json\/wp\/v2\/users\/2"}],"replies":[{"embeddable":true,"href":"https:\/\/radiobitacora.com.ar\/web\/wp-json\/wp\/v2\/comments?post=29447"}],"version-history":[{"count":0,"href":"https:\/\/radiobitacora.com.ar\/web\/wp-json\/wp\/v2\/posts\/29447\/revisions"}],"wp:featuredmedia":[{"embeddable":true,"href":"https:\/\/radiobitacora.com.ar\/web\/wp-json\/wp\/v2\/media\/29448"}],"wp:attachment":[{"href":"https:\/\/radiobitacora.com.ar\/web\/wp-json\/wp\/v2\/media?parent=29447"}],"wp:term":[{"taxonomy":"category","embeddable":true,"href":"https:\/\/radiobitacora.com.ar\/web\/wp-json\/wp\/v2\/categories?post=29447"},{"taxonomy":"post_tag","embeddable":true,"href":"https:\/\/radiobitacora.com.ar\/web\/wp-json\/wp\/v2\/tags?post=29447"}],"curies":[{"name":"wp","href":"https:\/\/api.w.org\/{rel}","templated":true}]}}