{"id":29450,"date":"2026-01-26T10:56:59","date_gmt":"2026-01-26T13:56:59","guid":{"rendered":"https:\/\/radiobitacora.com.ar\/web\/?p=29450"},"modified":"2026-01-26T10:56:59","modified_gmt":"2026-01-26T13:56:59","slug":"intendente-hormaechea-llamo-a-construir-puentes-y-no-trincheras-al-recordar-la-batalla-de-naembe","status":"publish","type":"post","link":"https:\/\/radiobitacora.com.ar\/web\/2026\/01\/26\/intendente-hormaechea-llamo-a-construir-puentes-y-no-trincheras-al-recordar-la-batalla-de-naembe\/","title":{"rendered":"INTENDENTE HORMAECHEA LLAM\u00d3 A \u201cCONSTRUIR PUENTES Y NO TRINCHERAS\u201d AL RECORDAR LA BATALLA DE \u00d1AEMB\u00c9."},"content":{"rendered":"<p style=\"font-weight: 400;\">Cent\u00e9simo Quincuag\u00e9simo Quinto Aniversario<\/p>\n<p style=\"font-weight: 400;\">En la ma\u00f1ana de este lunes 26 de enero, se llev\u00f3 a cabo el acto conmemorativo por el 155\u00b0 aniversario de la Batalla de \u00d1aemb\u00e9, uno de los hechos m\u00e1s significativos de la historia correntina y regional. La ceremonia tuvo lugar en el monolito hist\u00f3rico ubicado a la vera de la Ruta Nacional N\u00b012, sitio emblem\u00e1tico donde se honra la memoria de quienes protagonizaron el \u00faltimo gran enfrentamiento de la guerra civil en esta regi\u00f3n del pa\u00eds.<\/p>\n<p><img loading=\"lazy\" decoding=\"async\" class=\"wp-image-29451 alignleft\" src=\"https:\/\/radiobitacora.com.ar\/web\/wp-content\/uploads\/2026\/01\/BATALLA-DE-NAEMBE-17.jpeg\" alt=\"\" width=\"371\" height=\"247\" srcset=\"https:\/\/radiobitacora.com.ar\/web\/wp-content\/uploads\/2026\/01\/BATALLA-DE-NAEMBE-17.jpeg 1600w, https:\/\/radiobitacora.com.ar\/web\/wp-content\/uploads\/2026\/01\/BATALLA-DE-NAEMBE-17-630x420.jpeg 630w, https:\/\/radiobitacora.com.ar\/web\/wp-content\/uploads\/2026\/01\/BATALLA-DE-NAEMBE-17-696x464.jpeg 696w, https:\/\/radiobitacora.com.ar\/web\/wp-content\/uploads\/2026\/01\/BATALLA-DE-NAEMBE-17-1068x712.jpeg 1068w\" sizes=\"auto, (max-width: 371px) 100vw, 371px\" \/><\/p>\n<p style=\"font-weight: 400;\">El acto cont\u00f3 con la presencia del intendente de Goya, doctor Mariano Hormaechea; la intendenta de Colonia Carolina, Andrea Alarc\u00f3n; el jefe del Batall\u00f3n de Ingenieros de Monte 12, teniente coronel Sergio Ortiz; el viceintendente de Goya, contador Sebasti\u00e1n Mazzaro; el viceintendente de Colonia Carolina, Diego Espina; el jefe de la Prefectura Naval Argentina Goya, prefecto Marcelo Sebasti\u00e1n Regondi; la directora de la EFA Coembota, Rosana Cardozo, adem\u00e1s de funcionarios municipales, representantes de instituciones, docentes y alumnos.<\/p>\n<p style=\"font-weight: 400;\">La ceremonia dio inicio con el izamiento de la Bandera Nacional, a cargo del intendente Hormaechea, la intendenta Alarc\u00f3n y el teniente coronel Ortiz, en un marco de profundo respeto y solemnidad.<\/p>\n<p><img loading=\"lazy\" decoding=\"async\" class=\"aligncenter size-full wp-image-29452\" src=\"https:\/\/radiobitacora.com.ar\/web\/wp-content\/uploads\/2026\/01\/BATALLA-DE-NAEMBE-21.jpeg\" alt=\"\" width=\"1600\" height=\"862\" srcset=\"https:\/\/radiobitacora.com.ar\/web\/wp-content\/uploads\/2026\/01\/BATALLA-DE-NAEMBE-21.jpeg 1600w, https:\/\/radiobitacora.com.ar\/web\/wp-content\/uploads\/2026\/01\/BATALLA-DE-NAEMBE-21-780x420.jpeg 780w, https:\/\/radiobitacora.com.ar\/web\/wp-content\/uploads\/2026\/01\/BATALLA-DE-NAEMBE-21-696x375.jpeg 696w, https:\/\/radiobitacora.com.ar\/web\/wp-content\/uploads\/2026\/01\/BATALLA-DE-NAEMBE-21-1068x575.jpeg 1068w\" sizes=\"auto, (max-width: 1600px) 100vw, 1600px\" \/><\/p>\n<p style=\"font-weight: 400;\">\u201cDurante la evocaci\u00f3n hist\u00f3rica se record\u00f3 que aquel 26 de enero de 1871, los campos de \u00d1aemb\u00e9 fueron escenario del enfrentamiento entre las milicias correntinas al mando del coronel Santiago Baibiene, apoyadas por fuerzas nacionales dirigidas por el entonces teniente coronel Julio Argentino Roca, y las tropas federales de Ricardo L\u00f3pez Jord\u00e1n, que contaban con unos 7.000 hombres, frente a los 2.800 soldados del bando vencedor. En ese combate se utilizaron incluso ca\u00f1ones Krupp, tecnolog\u00eda de avanzada para la \u00e9poca, y entre las filas federales combati\u00f3 el escritor Jos\u00e9 Hern\u00e1ndez, autor del Mart\u00edn Fierro\u201d.<\/p>\n<p style=\"font-weight: 400;\">\u201cLos ca\u00eddos \u2014muchos de ellos j\u00f3venes correntinos de Goya, Mercedes, Ca\u00e1 Cat\u00ed, Saladas y otras localidades\u2014 descansan hoy confundidos con el suelo que los cobij\u00f3, h\u00e9roes an\u00f3nimos cuya valent\u00eda s\u00f3lo puede ser distinguida por la memoria colectiva y el respeto eterno\u201d.<\/p>\n<p><img loading=\"lazy\" decoding=\"async\" class=\"aligncenter size-full wp-image-29453\" src=\"https:\/\/radiobitacora.com.ar\/web\/wp-content\/uploads\/2026\/01\/BATALLA-DE-NAEMBE-8.jpeg\" alt=\"\" width=\"1600\" height=\"1066\" srcset=\"https:\/\/radiobitacora.com.ar\/web\/wp-content\/uploads\/2026\/01\/BATALLA-DE-NAEMBE-8.jpeg 1600w, https:\/\/radiobitacora.com.ar\/web\/wp-content\/uploads\/2026\/01\/BATALLA-DE-NAEMBE-8-630x420.jpeg 630w, https:\/\/radiobitacora.com.ar\/web\/wp-content\/uploads\/2026\/01\/BATALLA-DE-NAEMBE-8-696x464.jpeg 696w, https:\/\/radiobitacora.com.ar\/web\/wp-content\/uploads\/2026\/01\/BATALLA-DE-NAEMBE-8-1068x712.jpeg 1068w\" sizes=\"auto, (max-width: 1600px) 100vw, 1600px\" \/><\/p>\n<p style=\"font-weight: 400;\">MINUTO DE SILENCIO E INVOCACI\u00d3N RELIGIOSA<\/p>\n<p style=\"font-weight: 400;\">En un clima de profundo recogimiento, se realiz\u00f3 un minuto de silencio en memoria de todos los argentinos que perdieron su vida en \u00d1aemb\u00e9, seguido por una invocaci\u00f3n religiosa a cargo del di\u00e1cono Ra\u00fal Nicoletti, quien elev\u00f3 una plegaria por las almas de quienes regaron con su sangre ese suelo correntino y pidi\u00f3 sabidur\u00eda para los tiempos presentes.<\/p>\n<p style=\"font-weight: 400;\">PALABRAS ALUSIVAS DEL INTENDENTE MARIANO HORMAECHEA<\/p>\n<p style=\"font-weight: 400;\">A continuaci\u00f3n, el jefe comunal de Goya brind\u00f3 su mensaje alusivo, cuyas palabras fueron \u00edntegramente resaltadas, marcando el eje reflexivo y pedag\u00f3gico del acto: \u201cBuenos d\u00edas, se\u00f1or viceintendente municipal de Goya, intendente de la municipalidad de Colonia Carolina, viceintendente, jefe de las fuerzas armadas, jefe de prefectura, funcionarios municipales, autoridades de las distintas instituciones educativas, alumnos.\u201d<\/p>\n<p style=\"font-weight: 400;\">\u201cNos reunimos hoy para conmemorar lo ocurrido el 26 de enero de 1871 en estos campos de \u00d1aemb\u00e9. Sin embargo, no estamos aqu\u00ed para celebrar el triunfo de una facci\u00f3n sobre otra, ni para glorificar el estr\u00e9pito de los ca\u00f1ones o el choque de las lanzas. Estamos aqu\u00ed para aprender de nuestra propia historia.<\/p>\n<p style=\"font-weight: 400;\">En el 155 aniversario de la Batalla de \u00d1aemb\u00e9 estamos rindiendo homenaje a los que lucharon por sus ideales en el primer monumento p\u00fablico que el pueblo de Goya y alrededores erigi\u00f3 en su memoria sin otra protecci\u00f3n que la Cruz, s\u00edmbolo de fortaleza.<\/p>\n<p style=\"font-weight: 400;\">Batalla de \u00d1aemb\u00e9, patrimonio de la historia de Corrientes en su proceso de luchas c\u00edvico-militares que paralizaron a los pueblos con sangrientos sucesos.<\/p>\n<p style=\"font-weight: 400;\">Nos reunimos hoy para conmemorar lo ocurrido el 26 de enero de 1871 en estos campos de \u00d1aemb\u00e9. Sin embargo, no estamos aqu\u00ed para celebrar el triunfo de una facci\u00f3n sobre otra, ni para glorificar el estr\u00e9pito de los ca\u00f1ones o el choque de las lanzas. Estamos aqu\u00ed para aprender de nuestra propia historia.<\/p>\n<p style=\"font-weight: 400;\">El pueblo de Corrientes defendi\u00f3 sus derechos y la libertad. Ese es nuestro camino de integraci\u00f3n y desarrollo. Las generaciones del presente buscamos la paz, respetando valores y diversidad.<\/p>\n<p style=\"font-weight: 400;\">La Batalla de \u00d1aemb\u00e9 fue, ante todo, un doloroso recordatorio de lo que sucede cuando el di\u00e1logo se agota y el desentendimiento entre hermanos nos lleva a las armas. En aquel entonces, la naci\u00f3n luchaba por definirse, por encontrar su forma y su rumbo. Hoy, en pleno 2026, los desaf\u00edos son distintos, pero la necesidad de unidad sigue siendo la misma.<\/p>\n<p style=\"font-weight: 400;\">En estas tierras combatieron hombres con visiones distintas de pa\u00eds. Por un lado, la b\u00fasqueda de un orden nacional; por el otro, la defensa de las autonom\u00edas federales. Hoy, la &#8216;batalla&#8217; que nos toca librar no es contra un compatriota. Nuestras batallas actuales se llaman desigualdad, educaci\u00f3n, desarrollo sostenible y transparencia.<\/p>\n<p style=\"font-weight: 400;\">Si algo nos ense\u00f1a la historia de \u00d1aemb\u00e9 es que el progreso no nace de la eliminaci\u00f3n del que piensa distinto, sino de la capacidad de integrar esas diferencias en un proyecto com\u00fan.<\/p>\n<p style=\"font-weight: 400;\">Aquellos soldados, muchos de ellos j\u00f3venes correntinos y entrerrianos, nos legaron la responsabilidad de que su sangre no fuera en vano; nos legaron la tarea de construir una Argentina donde la ley est\u00e9 por encima de la fuerza.<\/p>\n<p style=\"font-weight: 400;\">Honrar a los ca\u00eddos de \u00d1aemb\u00e9 hoy significa ser mejores ciudadanos. Significa entender que el federalismo no es solo un concepto en la Constituci\u00f3n, sino una pr\u00e1ctica diaria de respeto por nuestras identidades locales dentro de una naci\u00f3n fuerte y cohesionada.<\/p>\n<p style=\"font-weight: 400;\">El inter\u00e9s de las nuevas generaciones nos obliga a facilitarles los medios para su educaci\u00f3n integral. Es nuestra responsabilidad ayudarlos a progresar por sus propios medios. Los padres y autoridades tenemos la oportunidad de afirmar el esfuerzo propio, la unidad nacional, el respeto a las instituciones y la superaci\u00f3n de la grieta, echando ra\u00edces aqu\u00ed con tes\u00f3n y en libertad, enfoc\u00e1ndonos en la construcci\u00f3n de un futuro com\u00fan superando nuestros conflictos pasados.<\/p>\n<p style=\"font-weight: 400;\">Que el eco de aquellos combates nos sirva para recordar que la paz es nuestra conquista m\u00e1s valiosa. Que, en lugar de trincheras, sigamos construyendo puentes; y que, en lugar de enemigos, veamos siempre en el otro a un compatriota con quien caminar hacia el futuro.<\/p>\n<p style=\"font-weight: 400;\">A 155 a\u00f1os de aquella jornada, decimos: \u00a1Memoria para aprender, uni\u00f3n para crecer!<\/p>\n<p style=\"font-weight: 400;\">Muchas gracias&#8221;, finaliz\u00f3 el intendente Mariano Hormaechea.<\/p>\n<p style=\"font-weight: 400;\">OFRENDAS FLORALES Y CIERRE<\/p>\n<p style=\"font-weight: 400;\">Finalizado el discurso, se procedi\u00f3 a la colocaci\u00f3n de ofrendas florales en homenaje a los h\u00e9roes de la Batalla de \u00d1aemb\u00e9. El gesto estuvo a cargo del intendente Mariano Hormaechea y el viceintendente Sebasti\u00e1n Mazzaro por el municipio de Goya; la intendenta Andrea Alarc\u00f3n y el viceintendente Diego Espina por Colonia Carolina; y los representantes del Batall\u00f3n de Ingenieros de Monte 12, el teniente coronel Sergio Ortiz y el suboficial mayor Julio Ortiz.<\/p>\n<p style=\"font-weight: 400;\">El acto concluy\u00f3 con la despedida respetuosa de la Bandera de Guerra del Batall\u00f3n de Ingenieros de Monte 12 y de la Bandera de Ceremonia de la EFA Coembota, renovando el compromiso colectivo de trabajar, inspirados en el coraje de los antepasados, por una provincia y una Naci\u00f3n unidas, en paz y con memoria.<\/p>\n<p style=\"font-weight: 400;\">\n<p style=\"font-weight: 400;\">\n<p style=\"font-weight: 400;\">\n<p style=\"font-weight: 400;\">\n<p style=\"font-weight: 400;\">\n<p style=\"font-weight: 400;\">\n<p style=\"font-weight: 400;\">Direcci\u00f3n de Prensa \u2013 Municipalidad de Goya.<\/p>\n","protected":false},"excerpt":{"rendered":"<p>Cent\u00e9simo Quincuag\u00e9simo Quinto Aniversario En la ma\u00f1ana de este lunes 26 de enero, se llev\u00f3 a cabo el acto conmemorativo por el 155\u00b0 aniversario de la Batalla de \u00d1aemb\u00e9, uno de los hechos m\u00e1s significativos de la historia correntina y regional. La ceremonia tuvo lugar en el monolito hist\u00f3rico ubicado a la vera de la [&hellip;]<\/p>\n","protected":false},"author":2,"featured_media":29454,"comment_status":"open","ping_status":"open","sticky":false,"template":"","format":"standard","meta":{"footnotes":""},"categories":[56],"tags":[],"class_list":{"0":"post-29450","1":"post","2":"type-post","3":"status-publish","4":"format-standard","5":"has-post-thumbnail","7":"category-locales"},"_links":{"self":[{"href":"https:\/\/radiobitacora.com.ar\/web\/wp-json\/wp\/v2\/posts\/29450","targetHints":{"allow":["GET"]}}],"collection":[{"href":"https:\/\/radiobitacora.com.ar\/web\/wp-json\/wp\/v2\/posts"}],"about":[{"href":"https:\/\/radiobitacora.com.ar\/web\/wp-json\/wp\/v2\/types\/post"}],"author":[{"embeddable":true,"href":"https:\/\/radiobitacora.com.ar\/web\/wp-json\/wp\/v2\/users\/2"}],"replies":[{"embeddable":true,"href":"https:\/\/radiobitacora.com.ar\/web\/wp-json\/wp\/v2\/comments?post=29450"}],"version-history":[{"count":0,"href":"https:\/\/radiobitacora.com.ar\/web\/wp-json\/wp\/v2\/posts\/29450\/revisions"}],"wp:featuredmedia":[{"embeddable":true,"href":"https:\/\/radiobitacora.com.ar\/web\/wp-json\/wp\/v2\/media\/29454"}],"wp:attachment":[{"href":"https:\/\/radiobitacora.com.ar\/web\/wp-json\/wp\/v2\/media?parent=29450"}],"wp:term":[{"taxonomy":"category","embeddable":true,"href":"https:\/\/radiobitacora.com.ar\/web\/wp-json\/wp\/v2\/categories?post=29450"},{"taxonomy":"post_tag","embeddable":true,"href":"https:\/\/radiobitacora.com.ar\/web\/wp-json\/wp\/v2\/tags?post=29450"}],"curies":[{"name":"wp","href":"https:\/\/api.w.org\/{rel}","templated":true}]}}