{"id":29456,"date":"2026-01-26T11:01:05","date_gmt":"2026-01-26T14:01:05","guid":{"rendered":"https:\/\/radiobitacora.com.ar\/web\/?p=29456"},"modified":"2026-01-26T11:01:42","modified_gmt":"2026-01-26T14:01:42","slug":"huracan-football-club-continua-la-emocion-del-torneo-de-verano-de-futbol-infantil","status":"publish","type":"post","link":"https:\/\/radiobitacora.com.ar\/web\/2026\/01\/26\/huracan-football-club-continua-la-emocion-del-torneo-de-verano-de-futbol-infantil\/","title":{"rendered":"HURAC\u00c1N FOOTBALL CLUB: CONTIN\u00daA LA EMOCI\u00d3N DEL TORNEO DE VERANO DE F\u00daTBOL INFANTIL."},"content":{"rendered":"<p style=\"font-weight: 400;\">Este lunes 26 de enero, Hurac\u00e1n Football Club retoma la actividad deportiva con la disputa de la Fecha 3 del Torneo de Verano de F\u00fatbol Infantil \u201cBelisario \u2018Chacho\u2019 Colonese\u201d.<\/p>\n<p style=\"font-weight: 400;\">En esta segunda edici\u00f3n del certamen, que ya se ha consolidado como un espacio de encuentro para las familias y las promesas del f\u00fatbol local, participan equipos divididos en tres categor\u00edas: 2013\/2014, 2015\/2016 y 2017\/2018.<\/p>\n<p style=\"font-weight: 400;\">CRONOGRAMA Y ENTRADAS.<\/p>\n<p style=\"font-weight: 400;\">La competencia se desarrolla de manera regular los d\u00edas lunes, mi\u00e9rcoles y viernes, iniciando la jornada de partidos a partir de las 19:30 hs.<\/p>\n<p style=\"font-weight: 400;\">Todos los encuentros tienen como escenario el Estadio Ram\u00f3n \u201cCacique\u201d Oviedo. Para quienes deseen asistir y apoyar a los peque\u00f1os deportistas, se ha establecido una entrada general de $2.000.<\/p>\n<p style=\"font-weight: 400;\">Invitamos a toda la comunidad a disfrutar de estas jornadas de deporte y sana competencia en nuestra instituci\u00f3n sabalera.<\/p>\n<p style=\"font-weight: 400;\">Direcci\u00f3n de Prensa \u2013 Municipalidad de Goya.<\/p>\n","protected":false},"excerpt":{"rendered":"<p>Este lunes 26 de enero, Hurac\u00e1n Football Club retoma la actividad deportiva con la disputa de la Fecha 3 del Torneo de Verano de F\u00fatbol Infantil \u201cBelisario \u2018Chacho\u2019 Colonese\u201d. En esta segunda edici\u00f3n del certamen, que ya se ha consolidado como un espacio de encuentro para las familias y las promesas del f\u00fatbol local, participan [&hellip;]<\/p>\n","protected":false},"author":2,"featured_media":29457,"comment_status":"open","ping_status":"open","sticky":false,"template":"","format":"standard","meta":{"footnotes":""},"categories":[78],"tags":[],"class_list":{"0":"post-29456","1":"post","2":"type-post","3":"status-publish","4":"format-standard","5":"has-post-thumbnail","7":"category-deportes"},"_links":{"self":[{"href":"https:\/\/radiobitacora.com.ar\/web\/wp-json\/wp\/v2\/posts\/29456","targetHints":{"allow":["GET"]}}],"collection":[{"href":"https:\/\/radiobitacora.com.ar\/web\/wp-json\/wp\/v2\/posts"}],"about":[{"href":"https:\/\/radiobitacora.com.ar\/web\/wp-json\/wp\/v2\/types\/post"}],"author":[{"embeddable":true,"href":"https:\/\/radiobitacora.com.ar\/web\/wp-json\/wp\/v2\/users\/2"}],"replies":[{"embeddable":true,"href":"https:\/\/radiobitacora.com.ar\/web\/wp-json\/wp\/v2\/comments?post=29456"}],"version-history":[{"count":0,"href":"https:\/\/radiobitacora.com.ar\/web\/wp-json\/wp\/v2\/posts\/29456\/revisions"}],"wp:featuredmedia":[{"embeddable":true,"href":"https:\/\/radiobitacora.com.ar\/web\/wp-json\/wp\/v2\/media\/29457"}],"wp:attachment":[{"href":"https:\/\/radiobitacora.com.ar\/web\/wp-json\/wp\/v2\/media?parent=29456"}],"wp:term":[{"taxonomy":"category","embeddable":true,"href":"https:\/\/radiobitacora.com.ar\/web\/wp-json\/wp\/v2\/categories?post=29456"},{"taxonomy":"post_tag","embeddable":true,"href":"https:\/\/radiobitacora.com.ar\/web\/wp-json\/wp\/v2\/tags?post=29456"}],"curies":[{"name":"wp","href":"https:\/\/api.w.org\/{rel}","templated":true}]}}