{"id":29463,"date":"2026-01-26T19:04:57","date_gmt":"2026-01-26T22:04:57","guid":{"rendered":"https:\/\/radiobitacora.com.ar\/web\/?p=29463"},"modified":"2026-01-26T19:04:57","modified_gmt":"2026-01-26T22:04:57","slug":"convocatoria-barrio-heroes-de-malvinas","status":"publish","type":"post","link":"https:\/\/radiobitacora.com.ar\/web\/2026\/01\/26\/convocatoria-barrio-heroes-de-malvinas\/","title":{"rendered":"CONVOCATORIA BARRIO H\u00c9ROES DE MALVINAS"},"content":{"rendered":"<p style=\"font-weight: 400;\">El Consejo Vecinal del Barrio H\u00e9roes de Malvinas a trav\u00e9s de su Comisi\u00f3n Directiva convoca, de acuerdo a lo establecido en el Estatuto de la Instituci\u00f3n a ASAMBLEA GENERAL ORDINARIA &#8211; C.D. para el d\u00eda viernes 27 de febrero de 2026 a las 20:00 horas en la Plazoleta Soldado Higinio Segovia del mismo Barrio, dirigida ella a todos los Se\u00f1ores Vecinos habitantes dentro de su Jurisdicci\u00f3n Fijada por Resoluci\u00f3n Municipal N\u00b0 2.312\/98, para tratar el siguiente:<\/p>\n<p style=\"font-weight: 400;\">ORDEN DEL DIA<\/p>\n<p style=\"font-weight: 400;\">1\u00ba &#8211; Lectura del Acta de Convocatoria.<\/p>\n<p style=\"font-weight: 400;\">2\u00b0 &#8211; Elecci\u00f3n del Presidente y Secretario de la Asamblea General Ordinaria &#8211; C.D. y de dos (2) Se\u00f1ores Vecinos-Asamble\u00edstas para firmar el Acta de la misma.<\/p>\n<p style=\"font-weight: 400;\">3\u00b0 &#8211; Consideraci\u00f3n y Aprobaci\u00f3n del Padr\u00f3n de Vecinos.<\/p>\n<p style=\"font-weight: 400;\">4\u00b0 &#8211; Lectura, Consideraci\u00f3n y Aprobaci\u00f3n de la Memoria de la Presidencia a\u00f1os 2024, 2025.<\/p>\n<p style=\"font-weight: 400;\">5\u00b0 &#8211; Lectura, Consideraci\u00f3n y Aprobaci\u00f3n del Informe de Tesorer\u00eda a\u00f1os 2024, 2025.<\/p>\n<p style=\"font-weight: 400;\">6\u00b0 &#8211; Elecci\u00f3n de Autoridades de Comisi\u00f3n Directiva y Comisi\u00f3n Revisora de Cuentas, por vencimiento de mandatos.<\/p>\n<p style=\"font-weight: 400;\">7\u00ba &#8211; Libre uso de la palabra.<\/p>\n<p style=\"font-weight: 400;\">Pasado treinta minutos de la hora establecida en dicha convocatoria, la Asamblea General Ordinaria &#8211; C.D. sesionar\u00e1 con los Se\u00f1ores Vecinos Asamble\u00edstas presentes.<\/p>\n<p style=\"font-weight: 400;\">\n<p style=\"font-weight: 400;\">\n<p style=\"font-weight: 400;\">\n<p style=\"font-weight: 400;\">Direcci\u00f3n de Prensa \u2013 Municipalidad de Goya.<\/p>\n","protected":false},"excerpt":{"rendered":"<p>El Consejo Vecinal del Barrio H\u00e9roes de Malvinas a trav\u00e9s de su Comisi\u00f3n Directiva convoca, de acuerdo a lo establecido en el Estatuto de la Instituci\u00f3n a ASAMBLEA GENERAL ORDINARIA &#8211; C.D. para el d\u00eda viernes 27 de febrero de 2026 a las 20:00 horas en la Plazoleta Soldado Higinio Segovia del mismo Barrio, dirigida [&hellip;]<\/p>\n","protected":false},"author":2,"featured_media":29464,"comment_status":"open","ping_status":"open","sticky":false,"template":"","format":"standard","meta":{"footnotes":""},"categories":[56],"tags":[],"class_list":{"0":"post-29463","1":"post","2":"type-post","3":"status-publish","4":"format-standard","5":"has-post-thumbnail","7":"category-locales"},"_links":{"self":[{"href":"https:\/\/radiobitacora.com.ar\/web\/wp-json\/wp\/v2\/posts\/29463","targetHints":{"allow":["GET"]}}],"collection":[{"href":"https:\/\/radiobitacora.com.ar\/web\/wp-json\/wp\/v2\/posts"}],"about":[{"href":"https:\/\/radiobitacora.com.ar\/web\/wp-json\/wp\/v2\/types\/post"}],"author":[{"embeddable":true,"href":"https:\/\/radiobitacora.com.ar\/web\/wp-json\/wp\/v2\/users\/2"}],"replies":[{"embeddable":true,"href":"https:\/\/radiobitacora.com.ar\/web\/wp-json\/wp\/v2\/comments?post=29463"}],"version-history":[{"count":0,"href":"https:\/\/radiobitacora.com.ar\/web\/wp-json\/wp\/v2\/posts\/29463\/revisions"}],"wp:featuredmedia":[{"embeddable":true,"href":"https:\/\/radiobitacora.com.ar\/web\/wp-json\/wp\/v2\/media\/29464"}],"wp:attachment":[{"href":"https:\/\/radiobitacora.com.ar\/web\/wp-json\/wp\/v2\/media?parent=29463"}],"wp:term":[{"taxonomy":"category","embeddable":true,"href":"https:\/\/radiobitacora.com.ar\/web\/wp-json\/wp\/v2\/categories?post=29463"},{"taxonomy":"post_tag","embeddable":true,"href":"https:\/\/radiobitacora.com.ar\/web\/wp-json\/wp\/v2\/tags?post=29463"}],"curies":[{"name":"wp","href":"https:\/\/api.w.org\/{rel}","templated":true}]}}