{"id":29466,"date":"2026-01-26T19:09:52","date_gmt":"2026-01-26T22:09:52","guid":{"rendered":"https:\/\/radiobitacora.com.ar\/web\/?p=29466"},"modified":"2026-01-26T19:09:52","modified_gmt":"2026-01-26T22:09:52","slug":"debut-sonado-el-goyano-ignacio-nacho-vilas-gano-en-su-primera-final-del-tc-pista-mouras-2","status":"publish","type":"post","link":"https:\/\/radiobitacora.com.ar\/web\/2026\/01\/26\/debut-sonado-el-goyano-ignacio-nacho-vilas-gano-en-su-primera-final-del-tc-pista-mouras-2\/","title":{"rendered":"DEBUT SO\u00d1ADO: EL GOYANO IGNACIO \u201cNACHO\u201d VILAS GAN\u00d3 EN SU PRIMERA FINAL DEL TC PISTA MOURAS"},"content":{"rendered":"<p style=\"font-weight: 400;\">\n<p style=\"font-weight: 400;\">\u201cRepresentar a la ciudad que tanto amo me da fuerza para seguir\u201d Afirm\u00f3 el Joven Piloto Goyano.<\/p>\n<p style=\"font-weight: 400;\">Goya vivi\u00f3 un domingo de pura alegr\u00eda. El automovilismo nacional volvi\u00f3 a poner a la ciudad en lo m\u00e1s alto gracias al debut y consagraci\u00f3n del joven piloto goyano Ignacio \u201cNacho\u201d Vilas, quien se impuso en la primera final de la temporada del TC Pista Mouras, disputada en el Aut\u00f3dromo Roberto Mouras de La Plata.<\/p>\n<p style=\"font-weight: 400;\">La noticia r\u00e1pidamente recorri\u00f3 la ciudad y la provincia, generando orgullo y emoci\u00f3n entre los goyanos, m\u00e1s a\u00fan al ver c\u00f3mo los medios especializados del pa\u00eds destacaban la actuaci\u00f3n del correntino en una de las categor\u00edas m\u00e1s exigentes del automovilismo argentino.<\/p>\n<p style=\"font-weight: 400;\">En di\u00e1logo telef\u00f3nico con FM 88.3, Vilas comparti\u00f3 las sensaciones tras una victoria inolvidable en su estreno dentro de la categor\u00eda.<\/p>\n<p style=\"font-weight: 400;\">UN EQUIPO DE JERARQU\u00cdA Y CON TRAYECTORIA<\/p>\n<p style=\"font-weight: 400;\">\u201cLa verdad que s\u00ed. Nos desembarcamos en el equipo Dodge Galarza Racing, un equipo que tiene mucha historia. Siempre todos los a\u00f1os est\u00e1 siendo protagonista tanto en el TC Pista Mouras como en el TC Mouras. El a\u00f1o pasado fueron campeones en el TC Pista que hoy en d\u00eda van a estar ascendiendo al TC\u201d, expres\u00f3 el piloto goyano.<\/p>\n<p style=\"font-weight: 400;\">\n<p style=\"font-weight: 400;\">Al referirse al proceso de adaptaci\u00f3n, Vilas fue claro y autocr\u00edtico: \u201cEs un equipo con mucha trayectoria, pero obviamente todo depende de uno, qu\u00e9 tan r\u00e1pido se pueda adaptar al auto, c\u00f3mo se pueda entender con el equipo porque cada piloto obviamente tiene su forma de manejar\u201d, se\u00f1al\u00f3.<\/p>\n<p style=\"font-weight: 400;\">\n<p style=\"font-weight: 400;\">SUPERANDO OBST\u00c1CULOS Y DIFICULTADES SE LOGRAN LOS RESULTADOS<\/p>\n<p style=\"font-weight: 400;\">El fin de semana no estuvo exento de dificultades, especialmente en la clasificaci\u00f3n, donde no lograron el resultado esperado.<\/p>\n<p style=\"font-weight: 400;\">\u201cPor suerte el fin de semana nos pudimos ir adaptando r\u00e1pidamente, fuimos mejorando en cada salida a pista. Perd\u00ed la clasificaci\u00f3n, nos jug\u00f3 una mala pasada, no tuvimos el ritmo que necesit\u00e1bamos para estar peleando por el primer puesto. Apostamos a la serie, a tratar de tener buen ritmo, que de hecho lo tuvimos y que nos permiti\u00f3 en la final largar desde el puesto cuatro y despu\u00e9s ir peleando por los puestos de adelante hasta capturar la punta de la carrera\u201d, subray\u00f3 Vilas.<\/p>\n<p style=\"font-weight: 400;\">En relaci\u00f3n a los detalles t\u00e9cnicos y reglamentarios, el joven piloto explic\u00f3 con claridad uno de los puntos clave del fin de semana: \u201cUno cuando viene haciendo los entrenamientos, obviamente viene con una goma usada, que cuando uno tiene que poner la goma nueva hay que hacer determinados cambios porque el grip que agarra el auto es obviamente superior\u201d.<\/p>\n<p style=\"font-weight: 400;\">Y agreg\u00f3: \u201cPor ende, si vos no haces esos cambios adecuados, el auto empieza con algunas tendencias para mal, ya sea se te puede ir mucho de cola o bien se te puede ir mucho de trompa\u201d.<\/p>\n<p style=\"font-weight: 400;\">\n<p style=\"font-weight: 400;\">Ese inconveniente se reflej\u00f3 en la clasificaci\u00f3n: \u201cSi vos en ese momento no peg\u00e1s con la puesta a punto, obviamente pen\u00e1s con el tiempo de vuelta, que en este caso nos pas\u00f3 a nosotros. Pero estoy en un excelente equipo que para el otro d\u00eda lo solucion\u00f3 y me dej\u00f3 el auto la verdad en excelentes condiciones, un auto de punta\u201d, afirm\u00f3 \u201cNacho\u201d.<\/p>\n<p style=\"font-weight: 400;\">\n<p style=\"font-weight: 400;\">Sobre el desarrollo de la serie y la final, Vilas destac\u00f3 el gran nivel del Dodge: \u201cLas primeras vueltas de la serie, la serie son cinco vueltas, lo pudimos atacar r\u00e1pidamente al tercero y cuarto, toda la carrera fue muy apretada y la verdad que contento por el gran auto que me dio el equipo\u201d, remarc\u00f3.<\/p>\n<p style=\"font-weight: 400;\">UN AUTO CAMPE\u00d3N<\/p>\n<p style=\"font-weight: 400;\">Cabe se\u00f1alar que el auto que hoy conduce Vilas tiene un historial destacado. El a\u00f1o pasado fue tripulado por el chaque\u00f1o Lucas Bohdanowicz.<\/p>\n<p style=\"font-weight: 400;\">\n<p style=\"font-weight: 400;\">\u201cS\u00ed, ese auto sali\u00f3 campe\u00f3n justamente del TC Pista Mouras y despu\u00e9s pele\u00f3 tambi\u00e9n el campeonato por el TC Mouras. Estuvo ah\u00ed, cuatro victorias tuvieron a lo largo del a\u00f1o\u201d, record\u00f3.<\/p>\n<p style=\"font-weight: 400;\">\n<p style=\"font-weight: 400;\">Y a\u00f1adi\u00f3: \u201cUn auto campe\u00f3n, ya que siempre le asent\u00f3 bien ese circuito. As\u00ed que ten\u00edamos un gran elemento, yo sab\u00eda que por ah\u00ed capaz nos pod\u00eda costar adaptarnos al auto, pero por suerte eso no fue el problema\u201d.<\/p>\n<p style=\"font-weight: 400;\">EXCELENTE EQUIPO<\/p>\n<p style=\"font-weight: 400;\">El piloto goyano no escatim\u00f3 elogios hacia la estructura que lo acompa\u00f1a: \u201cLa verdad que el equipo es excelente, tiene un grado de profesionalismo que la verdad que en muy pocos equipos lo vi. C\u00f3mo trabajan esa gente, impresionante\u201d, sostuvo.<\/p>\n<p style=\"font-weight: 400;\">\n<p style=\"font-weight: 400;\">\u201cCada uno ya tiene asignada su tarea, no hay que repetir nada y la verdad que el trabajo que hacen es admirable, as\u00ed que m\u00e9rito de todos ellos. Obviamente a m\u00ed tambi\u00e9n en la final no comet\u00ed ning\u00fan exceso, ning\u00fan error, por eso pudimos hacer una gran diferencia respecto al segundo y ganar c\u00f3modamente\u201d, agreg\u00f3.<\/p>\n<p style=\"font-weight: 400;\">\n<p style=\"font-weight: 400;\">EL RESULTADO FINAL<\/p>\n<p style=\"font-weight: 400;\">\n<p style=\"font-weight: 400;\">Ignacio Vilas se qued\u00f3 con la victoria en la primera final del a\u00f1o del TC Pista Mouras. Segundo finaliz\u00f3 Ignacio Lovich (Dodge \u2013 Canning Motorsport); tercero Facundo Ludue\u00f1a (Chevrolet); cuarto Dante Rubiera Hainze (Ford \u2013 Emiliano Spataro) y quinto Ignacio Quintana (Torino).<\/p>\n<p style=\"font-weight: 400;\">\n<p style=\"font-weight: 400;\">PLANIFICACI\u00d3N DE LA TEMPORADA AUTOMOVIL\u00cdSTICA<\/p>\n<p style=\"font-weight: 400;\">Pensando en lo que viene, Vilas se mostr\u00f3 cauto y enfocado: \u201cObviamente esto nos deja tranquilos, es un aliento an\u00edmico muy grande, pero hay que seguir trabajando porque los dem\u00e1s equipos van a redoblar la apuesta y nosotros tambi\u00e9n tenemos que seguir por esa senda para tratar de mantenernos ah\u00ed\u201d, expres\u00f3.<\/p>\n<p style=\"font-weight: 400;\">Sobre su preparaci\u00f3n f\u00edsica y mental, fue contundente: \u201cLo que pas\u00f3 ayer para m\u00ed ya pas\u00f3, le di vuelta a la p\u00e1gina, arrancamos de vuelta de cero, como siempre en lo personal entrenando mucho f\u00edsicamente\u201d, afirm\u00f3.<\/p>\n<p style=\"font-weight: 400;\">Y relat\u00f3 una de las exigencias m\u00e1s duras de la competencia: \u201cAyer le hablaba con el equipo y les dec\u00eda: faltaban tres vueltas y f\u00edsicamente estaba bien, pero el calor que hac\u00eda dentro del auto, la verdad que era muy molesto\u201d.<\/p>\n<p style=\"font-weight: 400;\">\n<p style=\"font-weight: 400;\">\u201cEn un momento sent\u00eda que me empezaba a faltar el aire porque estamos hablando de que dentro del habit\u00e1culo hace 75 grados y encima uno tiene puesto el casco, el buzo, la monjita, remera t\u00e9rmica, pantal\u00f3n t\u00e9rmico, la verdad que se hace agotador, pero nos entrenamos para eso y me di cuenta que hay que seguir redoblando la apuesta para mantener el 100% en todas las vueltas\u201d, relat\u00f3.<\/p>\n<p style=\"font-weight: 400;\">En cuanto al trabajo del equipo de cara a la pr\u00f3xima fecha, explic\u00f3: \u201cCreo que nos benefici\u00f3 bastante con respecto a los dem\u00e1s y respecto al equipo, hoy les dieron descanso, pero ma\u00f1ana ya estar\u00e1n desarmando todo el auto completo y haciendo un repaso integral de todas las piezas, y estamos evaluando si hacemos alguna prueba en el circuito de La Plata porque la pr\u00f3xima es con chicana\u201d.<\/p>\n<p style=\"font-weight: 400;\">\u201cLa verdad nunca corrimos de esa forma, la idea es tratar de ir, probar y que est\u00e9 todo OK para la pr\u00f3xima fecha\u201d, a\u00f1adi\u00f3.<\/p>\n<p style=\"font-weight: 400;\">PR\u00d3XIMA FECHA<\/p>\n<p style=\"font-weight: 400;\">Consultado por el calendario, indic\u00f3: \u201cNo recuerdo bien la fecha, pero es a fines de febrero\u201d. \u201cTenemos un mes m\u00e1s de trabajo\u201d, agreg\u00f3. (22 de febrero la pr\u00f3xima carrera).<\/p>\n<p style=\"font-weight: 400;\">ACOMPA\u00d1AMIENTO EMPRESARIAL, INSTITUCIONAL.<\/p>\n<p style=\"font-weight: 400;\">Sobre el esfuerzo previo para poder estar presentes en esta primera fecha, Vilas revel\u00f3: \u201cFue un debut so\u00f1ado no solamente por el hecho de ganar, sino por el hecho de estar presente. Nosotros probamos el auto el 30 de diciembre, obviamente sin confirmar la presencia para la primera fecha y a partir de ah\u00ed comenz\u00f3 un reto porque ten\u00edamos 15 o 20 d\u00edas para tratar de juntar la mayor cantidad de sponsors que nos permita poder juntar el presupuesto y estar presente\u201d, expres\u00f3.<\/p>\n<p style=\"font-weight: 400;\">\n<p style=\"font-weight: 400;\">En ese sentido, agradeci\u00f3 especialmente a quienes lo acompa\u00f1an: \u201cNos falta, pero sin lugar a dudas, sin el apoyo de los sponsors que hoy en d\u00eda me dieron una mano no estar\u00edamos hablando hoy. As\u00ed que la verdad hoy estoy eternamente agradecido a todos ellos: ME CAR Sociedad An\u00f3nima, Econovo, Gananor Pujol, Loter\u00eda Correntina, Agro Veterinaria San Mart\u00edn, Ferreter\u00eda La Estaci\u00f3n, Shell Cuatro Bocas, Aceros y Construcciones. La verdad, un grupo de sponsors muy completo\u201d, destac\u00f3.<\/p>\n<p style=\"font-weight: 400;\">AGRADECIMIENTO A TODOS<\/p>\n<p style=\"font-weight: 400;\">Finalmente, cerr\u00f3 con un emotivo mensaje para su gente: \u201cGracias a todos. La verdad que se siente a la distancia todo el apoyo que dan tanto los medios televisivos, como los de radio y agradecer a toda la gente de Goya, de la provincia de Corrientes. Siempre a trav\u00e9s de sus mensajes llega su aliento y a uno lo llena mucho. A m\u00ed en lo personal me emociona y me da fuerza para seguir luchando y representar a la ciudad que tanto amo, as\u00ed que iremos por eso y redoblaremos la apuesta para tratar de seguir por este camino\u201d, concluy\u00f3 el joven piloto goyano, Ignacio \u201cNacho\u201d Vilas.<\/p>\n<p style=\"font-weight: 400;\">Direcci\u00f3n de Prensa \u2013 Municipalidad de Goya.<\/p>\n","protected":false},"excerpt":{"rendered":"<p>\u201cRepresentar a la ciudad que tanto amo me da fuerza para seguir\u201d Afirm\u00f3 el Joven Piloto Goyano. Goya vivi\u00f3 un domingo de pura alegr\u00eda. El automovilismo nacional volvi\u00f3 a poner a la ciudad en lo m\u00e1s alto gracias al debut y consagraci\u00f3n del joven piloto goyano Ignacio \u201cNacho\u201d Vilas, quien se impuso en la primera [&hellip;]<\/p>\n","protected":false},"author":2,"featured_media":29468,"comment_status":"open","ping_status":"open","sticky":false,"template":"","format":"standard","meta":{"footnotes":""},"categories":[78],"tags":[],"class_list":{"0":"post-29466","1":"post","2":"type-post","3":"status-publish","4":"format-standard","5":"has-post-thumbnail","7":"category-deportes"},"_links":{"self":[{"href":"https:\/\/radiobitacora.com.ar\/web\/wp-json\/wp\/v2\/posts\/29466","targetHints":{"allow":["GET"]}}],"collection":[{"href":"https:\/\/radiobitacora.com.ar\/web\/wp-json\/wp\/v2\/posts"}],"about":[{"href":"https:\/\/radiobitacora.com.ar\/web\/wp-json\/wp\/v2\/types\/post"}],"author":[{"embeddable":true,"href":"https:\/\/radiobitacora.com.ar\/web\/wp-json\/wp\/v2\/users\/2"}],"replies":[{"embeddable":true,"href":"https:\/\/radiobitacora.com.ar\/web\/wp-json\/wp\/v2\/comments?post=29466"}],"version-history":[{"count":0,"href":"https:\/\/radiobitacora.com.ar\/web\/wp-json\/wp\/v2\/posts\/29466\/revisions"}],"wp:featuredmedia":[{"embeddable":true,"href":"https:\/\/radiobitacora.com.ar\/web\/wp-json\/wp\/v2\/media\/29468"}],"wp:attachment":[{"href":"https:\/\/radiobitacora.com.ar\/web\/wp-json\/wp\/v2\/media?parent=29466"}],"wp:term":[{"taxonomy":"category","embeddable":true,"href":"https:\/\/radiobitacora.com.ar\/web\/wp-json\/wp\/v2\/categories?post=29466"},{"taxonomy":"post_tag","embeddable":true,"href":"https:\/\/radiobitacora.com.ar\/web\/wp-json\/wp\/v2\/tags?post=29466"}],"curies":[{"name":"wp","href":"https:\/\/api.w.org\/{rel}","templated":true}]}}