{"id":29482,"date":"2026-01-27T08:41:15","date_gmt":"2026-01-27T11:41:15","guid":{"rendered":"https:\/\/radiobitacora.com.ar\/web\/?p=29482"},"modified":"2026-01-27T08:41:15","modified_gmt":"2026-01-27T11:41:15","slug":"sunset-en-costanera-norte","status":"publish","type":"post","link":"https:\/\/radiobitacora.com.ar\/web\/2026\/01\/27\/sunset-en-costanera-norte\/","title":{"rendered":"SUNSET EN COSTANERA NORTE"},"content":{"rendered":"<p style=\"font-weight: 400;\">\n<p style=\"font-weight: 400;\">EL INTENDENTE ACOMPA\u00d1\u00d3 LA PROPUESTA MUSICAL EN PLAYA EL INGA<\/p>\n<p style=\"font-weight: 400;\">\n<p style=\"font-weight: 400;\">El punto de encuentro de muchos goyanos y visitantes en esta temporada estival sin dudas es la Playa El Inga, con el objetivo de acompa\u00f1ar a las personas que, con sus silletas, termolar y otros accesorios disfrutan del contacto con la Naturaleza, la Municipalidad ofrece espacios para la mejor compa\u00f1\u00eda<\/p>\n<p style=\"font-weight: 400;\"><img loading=\"lazy\" decoding=\"async\" class=\"aligncenter size-full wp-image-29483\" src=\"https:\/\/radiobitacora.com.ar\/web\/wp-content\/uploads\/2026\/01\/DSC_1358.jpg\" alt=\"\" width=\"4288\" height=\"2848\" srcset=\"https:\/\/radiobitacora.com.ar\/web\/wp-content\/uploads\/2026\/01\/DSC_1358.jpg 4288w, https:\/\/radiobitacora.com.ar\/web\/wp-content\/uploads\/2026\/01\/DSC_1358-632x420.jpg 632w, https:\/\/radiobitacora.com.ar\/web\/wp-content\/uploads\/2026\/01\/DSC_1358-696x462.jpg 696w, https:\/\/radiobitacora.com.ar\/web\/wp-content\/uploads\/2026\/01\/DSC_1358-1068x709.jpg 1068w\" sizes=\"auto, (max-width: 4288px) 100vw, 4288px\" \/><\/p>\n<p style=\"font-weight: 400;\">El domingo al caer la tarde la Direcci\u00f3n de Juventud impuls\u00f3 la presencia del DJ Gast\u00f3n Ramos que musicaliz\u00f3 el atardecer en la Playa con m\u00fasica electr\u00f3nica, creando un espacio de relax, divertimento, una reuni\u00f3n que se prolong\u00f3 hasta la noche.<\/p>\n<p style=\"font-weight: 400;\">\n<p style=\"font-weight: 400;\">Durante la propuesta recreada por el Municipio, se cont\u00f3 con la visita y el acompa\u00f1amiento del Intendente Mariano Hormaechea, quien convers\u00f3 con el Director de Juventud Gast\u00f3n Espinosa, de las pr\u00f3ximas actividades programadas en ese espacio p\u00fablico, dialogo con los presentes, para continuar con su recorrido por el paseo costero.<\/p>\n<p style=\"font-weight: 400;\">\n<p style=\"font-weight: 400;\">Direcci\u00f3n de Prensa-Municipalidad de Goya<\/p>\n","protected":false},"excerpt":{"rendered":"<p>EL INTENDENTE ACOMPA\u00d1\u00d3 LA PROPUESTA MUSICAL EN PLAYA EL INGA El punto de encuentro de muchos goyanos y visitantes en esta temporada estival sin dudas es la Playa El Inga, con el objetivo de acompa\u00f1ar a las personas que, con sus silletas, termolar y otros accesorios disfrutan del contacto con la Naturaleza, la Municipalidad ofrece [&hellip;]<\/p>\n","protected":false},"author":2,"featured_media":29484,"comment_status":"open","ping_status":"open","sticky":false,"template":"","format":"standard","meta":{"footnotes":""},"categories":[56],"tags":[],"class_list":{"0":"post-29482","1":"post","2":"type-post","3":"status-publish","4":"format-standard","5":"has-post-thumbnail","7":"category-locales"},"_links":{"self":[{"href":"https:\/\/radiobitacora.com.ar\/web\/wp-json\/wp\/v2\/posts\/29482","targetHints":{"allow":["GET"]}}],"collection":[{"href":"https:\/\/radiobitacora.com.ar\/web\/wp-json\/wp\/v2\/posts"}],"about":[{"href":"https:\/\/radiobitacora.com.ar\/web\/wp-json\/wp\/v2\/types\/post"}],"author":[{"embeddable":true,"href":"https:\/\/radiobitacora.com.ar\/web\/wp-json\/wp\/v2\/users\/2"}],"replies":[{"embeddable":true,"href":"https:\/\/radiobitacora.com.ar\/web\/wp-json\/wp\/v2\/comments?post=29482"}],"version-history":[{"count":0,"href":"https:\/\/radiobitacora.com.ar\/web\/wp-json\/wp\/v2\/posts\/29482\/revisions"}],"wp:featuredmedia":[{"embeddable":true,"href":"https:\/\/radiobitacora.com.ar\/web\/wp-json\/wp\/v2\/media\/29484"}],"wp:attachment":[{"href":"https:\/\/radiobitacora.com.ar\/web\/wp-json\/wp\/v2\/media?parent=29482"}],"wp:term":[{"taxonomy":"category","embeddable":true,"href":"https:\/\/radiobitacora.com.ar\/web\/wp-json\/wp\/v2\/categories?post=29482"},{"taxonomy":"post_tag","embeddable":true,"href":"https:\/\/radiobitacora.com.ar\/web\/wp-json\/wp\/v2\/tags?post=29482"}],"curies":[{"name":"wp","href":"https:\/\/api.w.org\/{rel}","templated":true}]}}