{"id":29491,"date":"2026-01-27T08:48:23","date_gmt":"2026-01-27T11:48:23","guid":{"rendered":"https:\/\/radiobitacora.com.ar\/web\/?p=29491"},"modified":"2026-01-27T08:49:49","modified_gmt":"2026-01-27T11:49:49","slug":"salud-en-goya-director-del-hospital-aborda-prioridades-y-desafios-tras-encuentro-con-ministro-lanari","status":"publish","type":"post","link":"https:\/\/radiobitacora.com.ar\/web\/2026\/01\/27\/salud-en-goya-director-del-hospital-aborda-prioridades-y-desafios-tras-encuentro-con-ministro-lanari\/","title":{"rendered":"SALUD EN GOYA: DIRECTOR DEL HOSPITAL ABORDA PRIORIDADES Y DESAF\u00cdOS TRAS ENCUENTRO CON MINISTRO LANARI"},"content":{"rendered":"<p style=\"font-weight: 400;\">El director del Hospital Regional de Goya, Ra\u00fal Mart\u00ednez, se refiri\u00f3 a la necesidad de fortalecer la atenci\u00f3n primaria y el trabajo regional, aunque admiti\u00f3 que las dificultades en los laboratorios obligar\u00e1n a priorizar algunas \u00e1reas y reducir el volumen de an\u00e1lisis.<\/p>\n<p style=\"font-weight: 400;\"><img loading=\"lazy\" decoding=\"async\" class=\"aligncenter size-full wp-image-29492\" src=\"https:\/\/radiobitacora.com.ar\/web\/wp-content\/uploads\/2026\/01\/visita-del-Minsitro-de-Salud-al-HRG-2.jpg\" alt=\"\" width=\"1600\" height=\"1200\" srcset=\"https:\/\/radiobitacora.com.ar\/web\/wp-content\/uploads\/2026\/01\/visita-del-Minsitro-de-Salud-al-HRG-2.jpg 1600w, https:\/\/radiobitacora.com.ar\/web\/wp-content\/uploads\/2026\/01\/visita-del-Minsitro-de-Salud-al-HRG-2-560x420.jpg 560w, https:\/\/radiobitacora.com.ar\/web\/wp-content\/uploads\/2026\/01\/visita-del-Minsitro-de-Salud-al-HRG-2-80x60.jpg 80w, https:\/\/radiobitacora.com.ar\/web\/wp-content\/uploads\/2026\/01\/visita-del-Minsitro-de-Salud-al-HRG-2-696x522.jpg 696w, https:\/\/radiobitacora.com.ar\/web\/wp-content\/uploads\/2026\/01\/visita-del-Minsitro-de-Salud-al-HRG-2-1068x801.jpg 1068w, https:\/\/radiobitacora.com.ar\/web\/wp-content\/uploads\/2026\/01\/visita-del-Minsitro-de-Salud-al-HRG-2-265x198.jpg 265w\" sizes=\"auto, (max-width: 1600px) 100vw, 1600px\" \/><\/p>\n<p style=\"font-weight: 400;\">El director del Hospital Regional de Goya, Ra\u00fal Mart\u00ednez, destac\u00f3 la importancia de fortalecer la atenci\u00f3n primaria de la salud y el trabajo coordinado entre hospitales de la regi\u00f3n, tras una reuni\u00f3n con el ministro de Salud P\u00fablica, Emilio Lanari.<\/p>\n<p style=\"font-weight: 400;\">IMPORTANCIA DE LA VISITA DEL MINISTRO DE SALUD<\/p>\n<p style=\"font-weight: 400;\">En declaraciones radiales, Mart\u00ednez resalt\u00f3 la visita del ministro al interior provincial como algo clave para conocer la realidad de los hospitales regionales. &#8220;Es importante que los funcionarios provinciales vengan al interior y vean la situaci\u00f3n en situ. Preferimos que vengan a Goya a ver la realidad de los hospitales\u201d.<\/p>\n<p style=\"font-weight: 400;\">El doctor Mart\u00ednez enfatiz\u00f3 que la atenci\u00f3n primaria es uno de los pilares de la salud p\u00fablica y que se busca reajustar este tema. &#8220;Uno de los focos que hablamos con el ministro es poner \u00e9nfasis en la atenci\u00f3n primaria de la salud, uno de los pilares de hace veinte a\u00f1os&#8221;, dijo.<\/p>\n<p style=\"font-weight: 400;\">El director del hospital tambi\u00e9n se refiri\u00f3 a las dificultades econ\u00f3micas que enfrenta el sector salud, especialmente por los altos costos de los insumos importados. Sin embargo, destac\u00f3 la importancia de seguir trabajando en el terreno y buscando soluciones.<\/p>\n<p style=\"font-weight: 400;\">CUIDADO INTEGRAL Y PREVENCI\u00d3N<\/p>\n<p style=\"font-weight: 400;\">En cuanto a la atenci\u00f3n primaria, Ra\u00fal Mart\u00ednez explic\u00f3 que el objetivo es el cuidado espec\u00edfico de la madre, el ni\u00f1o y la mujer embarazada, as\u00ed como el control de enfermedades cr\u00f3nicas no transmisibles. Destac\u00f3 que en las salas de atenci\u00f3n primaria se realizan controles de ni\u00f1os sanos y de embarazo, y que cuando un embarazo es de riesgo, se deriva al hospital.<\/p>\n<p style=\"font-weight: 400;\">&#8220;En las salas de atenci\u00f3n primaria de la municipalidad y la provincia, nuestro objetivo es el \u00e1rea program\u00e1tica de cada sala y la poblaci\u00f3n a cargo de cada una. Desde ah\u00ed, el cuidado espec\u00edfico de la madre, el ni\u00f1o y la mujer embarazada&#8221;, explic\u00f3.<\/p>\n<p style=\"font-weight: 400;\">Adem\u00e1s, se\u00f1al\u00f3 que en las salas tambi\u00e9n se desarrolla el control de enfermedades cr\u00f3nicas no transmisibles, como diabetes, hipertensi\u00f3n y obesidad, y que se les da gratuitamente los medicamentos a los pacientes que padecen estas patolog\u00edas.<\/p>\n<p style=\"font-weight: 400;\">LABORATORIOS Y AN\u00c1LISIS CL\u00cdNICOS<\/p>\n<p style=\"font-weight: 400;\">Ra\u00fal Mart\u00ednez tambi\u00e9n se refiri\u00f3 a la situaci\u00f3n de los laboratorios y an\u00e1lisis cl\u00ednicos del Hospital Regional de Goya, se\u00f1alando que est\u00e1n teniendo algunas dificultades.<\/p>\n<p style=\"font-weight: 400;\">&#8220;En este momento nos ocurre que tenemos dificultades en los laboratorios del hospital como de atenci\u00f3n primaria. Ver\u00e1 la poblaci\u00f3n que priorizaremos otras cuestiones y no el volumen que manej\u00e1bamos hasta ahora&#8221;, indic\u00f3.<\/p>\n<p style=\"font-weight: 400;\">Sin embargo, destac\u00f3 que en el barrio Belgrano cuentan con un laboratorio de an\u00e1lisis cl\u00ednicos para la atenci\u00f3n primaria exclusivamente, y que tambi\u00e9n tienen diagn\u00f3stico por im\u00e1genes y ecograf\u00eda en las salas.<\/p>\n<p style=\"font-weight: 400;\">&#8220;En el barrio Belgrano tenemos un laboratorio de an\u00e1lisis cl\u00ednicos para la atenci\u00f3n primaria exclusivamente. Tenemos diagn\u00f3stico por im\u00e1genes, ecograf\u00eda en las salas, lo tiene el municipio tambi\u00e9n&#8221;, sostuvo.<\/p>\n<p style=\"font-weight: 400;\">El Director del Hospital, explic\u00f3 que en el 2025 el Hospital Regional realiz\u00f3 120 mil an\u00e1lisis cl\u00ednicos, lo que demuestra el gran volumen de trabajo que tienen en el laboratorio y que muchas veces el equipamiento se ve afectado.<\/p>\n<p style=\"font-weight: 400;\">&#8220;En el 2025 el Hospital Regional realiz\u00f3 120 mil an\u00e1lisis cl\u00ednicos, pacientes, eso es una barbaridad en el volumen de trabajo que tenemos en el laboratorio, entonces muchas veces el equipamiento se ve afectado&#8221;, se\u00f1al\u00f3. Ante esta situaci\u00f3n, Mart\u00ednez indic\u00f3 que van a priorizar algunas \u00e1reas hasta tanto puedan normalizarse.<\/p>\n<p style=\"font-weight: 400;\">TRABAJO INTRARREGIONAL<\/p>\n<p style=\"font-weight: 400;\">El profesional de la salud tambi\u00e9n se refiri\u00f3 a la importancia de trabajar en forma intrarregional con los responsables de otros hospitales, o centros de salud como Cruz de los Milagros, Santa Luc\u00eda, Yatay Ti Calle y Carolina, para resolver cuestiones en forma coordinada.<\/p>\n<p style=\"font-weight: 400;\">Tambi\u00e9n, el director del Hospital se refiri\u00f3 a la provisi\u00f3n de medicamentos por parte del gobierno nacional, se\u00f1alando que han tenido algunos inconvenientes, pero que el objetivo sigue siendo el mismo. &#8220;Con el gobierno nacional hubo cuestiones respecto a la provisi\u00f3n de medicamentos con el Remediar. Sabemos que han venido m\u00e1s flacas las cajas de medicamentos, muchas veces tenemos inconvenientes, se dificulta, pero el objetivo es el mismo\u201d, concluy\u00f3.<\/p>\n<p style=\"font-weight: 400;\">Direcci\u00f3n de Prensa-Municipalidad de Goya<\/p>\n","protected":false},"excerpt":{"rendered":"<p>El director del Hospital Regional de Goya, Ra\u00fal Mart\u00ednez, se refiri\u00f3 a la necesidad de fortalecer la atenci\u00f3n primaria y el trabajo regional, aunque admiti\u00f3 que las dificultades en los laboratorios obligar\u00e1n a priorizar algunas \u00e1reas y reducir el volumen de an\u00e1lisis. El director del Hospital Regional de Goya, Ra\u00fal Mart\u00ednez, destac\u00f3 la importancia de [&hellip;]<\/p>\n","protected":false},"author":2,"featured_media":29493,"comment_status":"open","ping_status":"open","sticky":false,"template":"","format":"standard","meta":{"footnotes":""},"categories":[69],"tags":[],"class_list":{"0":"post-29491","1":"post","2":"type-post","3":"status-publish","4":"format-standard","5":"has-post-thumbnail","7":"category-salud"},"_links":{"self":[{"href":"https:\/\/radiobitacora.com.ar\/web\/wp-json\/wp\/v2\/posts\/29491","targetHints":{"allow":["GET"]}}],"collection":[{"href":"https:\/\/radiobitacora.com.ar\/web\/wp-json\/wp\/v2\/posts"}],"about":[{"href":"https:\/\/radiobitacora.com.ar\/web\/wp-json\/wp\/v2\/types\/post"}],"author":[{"embeddable":true,"href":"https:\/\/radiobitacora.com.ar\/web\/wp-json\/wp\/v2\/users\/2"}],"replies":[{"embeddable":true,"href":"https:\/\/radiobitacora.com.ar\/web\/wp-json\/wp\/v2\/comments?post=29491"}],"version-history":[{"count":0,"href":"https:\/\/radiobitacora.com.ar\/web\/wp-json\/wp\/v2\/posts\/29491\/revisions"}],"wp:featuredmedia":[{"embeddable":true,"href":"https:\/\/radiobitacora.com.ar\/web\/wp-json\/wp\/v2\/media\/29493"}],"wp:attachment":[{"href":"https:\/\/radiobitacora.com.ar\/web\/wp-json\/wp\/v2\/media?parent=29491"}],"wp:term":[{"taxonomy":"category","embeddable":true,"href":"https:\/\/radiobitacora.com.ar\/web\/wp-json\/wp\/v2\/categories?post=29491"},{"taxonomy":"post_tag","embeddable":true,"href":"https:\/\/radiobitacora.com.ar\/web\/wp-json\/wp\/v2\/tags?post=29491"}],"curies":[{"name":"wp","href":"https:\/\/api.w.org\/{rel}","templated":true}]}}