{"id":29496,"date":"2026-01-27T08:51:32","date_gmt":"2026-01-27T11:51:32","guid":{"rendered":"https:\/\/radiobitacora.com.ar\/web\/?p=29496"},"modified":"2026-01-27T08:51:32","modified_gmt":"2026-01-27T11:51:32","slug":"andres-zajarevich-resalto-el-exito-del-carnaval-de-goya-y-la-inversion-en-el-corsodromo","status":"publish","type":"post","link":"https:\/\/radiobitacora.com.ar\/web\/2026\/01\/27\/andres-zajarevich-resalto-el-exito-del-carnaval-de-goya-y-la-inversion-en-el-corsodromo\/","title":{"rendered":"ANDRES ZAJAREVICH RESALT\u00d3 EL \u00c9XITO DEL CARNAVAL DE GOYA Y LA INVERSI\u00d3N EN EL CORS\u00d3DROMO:"},"content":{"rendered":"<p style=\"font-weight: 400;\">\n<p style=\"font-weight: 400;\">El funcionario subray\u00f3 el impacto positivo de las nuevas tribunas, la colaboraci\u00f3n p\u00fablico-privada y la respuesta entusiasta del p\u00fablico en la primera noche del carnaval.<\/p>\n<p style=\"font-weight: 400;\">\n<p style=\"font-weight: 400;\">El Secretario de Modernizaci\u00f3n, Andr\u00e9s Zajarevich hizo un balance positivo de la primera noche del Carnaval de Goya, destac\u00f3 las mejoras en la organizaci\u00f3n y en la calidad del espect\u00e1culo. Subray\u00f3 el crecimiento de la infraestructura del Cors\u00f3dromo, con nuevas tribunas que realzan el esp\u00edritu del carnaval y mejoran la experiencia del p\u00fablico.<\/p>\n<p style=\"font-weight: 400;\">SALDO POSITIVO EN LA FUERTE APUESTA AL CARNAVAL<\/p>\n<p style=\"font-weight: 400;\">En la transmisi\u00f3n especial que realiz\u00f3 la Municipalidad de Goya por YouTube, el pasado viernes, Andr\u00e9s Zajarevich expres\u00f3 su satisfacci\u00f3n: &#8220;Desde el Estado municipal estamos contentos\u2026La apuesta por las tribunas ha ampliado la capacidad para el p\u00fablico, enriqueciendo el ambiente del carnaval y contagiando a asistentes y pasistas.&#8221;<\/p>\n<p style=\"font-weight: 400;\">El funcionario, se\u00f1al\u00f3 que &#8220;las tribunas estuvieron llenas y el sector privado invirti\u00f3 fuertemente en gastronom\u00eda. Todo est\u00e1 dispuesto para la comodidad y alegr\u00eda de los asistentes. La inauguraci\u00f3n con el intendente Mariano Hormaechea y el ministro de Turismo marc\u00f3 el inicio de un carnaval que Goya merece, y debemos seguir esforz\u00e1ndonos.&#8221;<\/p>\n<p style=\"font-weight: 400;\">Zajarevich tambi\u00e9n resalt\u00f3 el trabajo en equipo liderado por el intendente Mariano Hormaechea: &#8220;Me he sumergido en el mundo del carnaval, y contamos con un gran equipo, incluyendo la secretar\u00eda de Turismo, la Secretar\u00eda de Modernizaci\u00f3n, y Direcci\u00f3n de Servicio y Limpieza. Este compromiso municipal, bajo el liderazgo del intendente, es esencial para un evento de esta magnitud.&#8221;<\/p>\n<p style=\"font-weight: 400;\">TIEMPO DE PASADA DE LAS COMPARSAS<\/p>\n<p style=\"font-weight: 400;\">Para mejorar la organizaci\u00f3n, se incorpor\u00f3 un reloj para controlar el tiempo de las comparsas: &#8220;Este reloj, visible para todos, ayuda a ordenar el espect\u00e1culo y evitar interrupciones. Solicitamos a los presidentes reducir la duraci\u00f3n de los desfiles, sugiriendo un tiempo de pasada de una hora para evitar que el carnaval se extienda demasiado\u201d, explic\u00f3 Zajarevich.<\/p>\n<p style=\"font-weight: 400;\">El secretario municipal felicit\u00f3 a Oh Bah\u00eda por su presentaci\u00f3n: &#8220;Quiero destacar a Oh Bah\u00eda, que abri\u00f3 el espect\u00e1culo con una propuesta muy buena, a pesar de ser su primera vez. Confiamos en que seguir\u00e1n incorporando mejoras. El p\u00fablico respondi\u00f3 con entusiasmo, participando y animando.&#8221;<\/p>\n<p style=\"font-weight: 400;\">FUERTE INVERSI\u00d3N DEL ESTADO MUNICIPAL<\/p>\n<p style=\"font-weight: 400;\">Tambi\u00e9n, en declaraciones radiales, Zajarevich reiter\u00f3 el compromiso del gobierno local: &#8220;Gracias a la visi\u00f3n del intendente Mariano Hormaechea, el Estado realiza una inversi\u00f3n significativa en este evento, el segundo en importancia en nuestro calendario tur\u00edstico. Esta inversi\u00f3n se destin\u00f3 a mejorar la infraestructura, con m\u00e1s tribunas para aumentar la capacidad. A pesar de las dificultades del viernes, el s\u00e1bado las tribunas estuvieron colmadas. Es gratificante ver el inter\u00e9s que genera el carnaval y el compromiso de las comparsas.&#8221;<\/p>\n<p style=\"font-weight: 400;\">Con respecto al reloj en el circuito, Zajarevich se\u00f1al\u00f3: &#8220;La incorporaci\u00f3n del cron\u00f3metro ha sido una innovaci\u00f3n bien recibida, permitiendo a las comparsas controlar mejor sus tiempos. Esto, junto con la reducci\u00f3n del tiempo de desfile, busca ofrecer un espect\u00e1culo m\u00e1s din\u00e1mico y atractivo.&#8221;<\/p>\n<p style=\"font-weight: 400;\">El funcionario tambi\u00e9n destac\u00f3 la evoluci\u00f3n de la infraestructura: &#8220;Hemos pasado de mesas y sillas al costado del circuito a tener diez tribunas, un palco, un camarote y espacios con mesas y sillas. La inversi\u00f3n conjunta del Estado y el sector privado es fundamental para ofrecer servicios de calidad a los ciudadanos.&#8221;<\/p>\n<p style=\"font-weight: 400;\">CORSO ACCESIBLE E INCLUSIVO<\/p>\n<p style=\"font-weight: 400;\">En cuanto a la inclusi\u00f3n social, Zajarevich expres\u00f3: &#8220;Mantenemos una visi\u00f3n social, ofreciendo entradas accesibles, lugares gratuitos y c\u00f3modos, como las tribunas de acceso libre. Adem\u00e1s, garantizamos espacios preferenciales para personas con discapacidad, en l\u00ednea con nuestra pol\u00edtica de inclusi\u00f3n.&#8221;<\/p>\n<p style=\"font-weight: 400;\">FIGURAS DE COMPARSAS EN LA COMISI\u00d3N<\/p>\n<p style=\"font-weight: 400;\">Tambi\u00e9n, el funcionario destac\u00f3 la incorporaci\u00f3n de figuras relacionadas con las comparsas en temas que tienen que ver con la organizaci\u00f3n de los corsos: &#8220;Esta medida contribuye al crecimiento del evento. El intendente ha formado un equipo de comparseros que aportan su visi\u00f3n, permiti\u00e9ndonos realizar ajustes en la iluminaci\u00f3n, el sonido y la ubicaci\u00f3n del jurado. Adem\u00e1s, hemos implementado ideas surgidas de ellos, como la carpa de turismo donde pueden cambiarse el calzado\u201d concluy\u00f3 el Secretario de Modernizaci\u00f3n.<\/p>\n<p style=\"font-weight: 400;\">Direcci\u00f3n de Prensa-Municipalidad de Goya<\/p>\n","protected":false},"excerpt":{"rendered":"<p>El funcionario subray\u00f3 el impacto positivo de las nuevas tribunas, la colaboraci\u00f3n p\u00fablico-privada y la respuesta entusiasta del p\u00fablico en la primera noche del carnaval. El Secretario de Modernizaci\u00f3n, Andr\u00e9s Zajarevich hizo un balance positivo de la primera noche del Carnaval de Goya, destac\u00f3 las mejoras en la organizaci\u00f3n y en la calidad del espect\u00e1culo. [&hellip;]<\/p>\n","protected":false},"author":2,"featured_media":29497,"comment_status":"open","ping_status":"open","sticky":false,"template":"","format":"standard","meta":{"footnotes":""},"categories":[56],"tags":[],"class_list":{"0":"post-29496","1":"post","2":"type-post","3":"status-publish","4":"format-standard","5":"has-post-thumbnail","7":"category-locales"},"_links":{"self":[{"href":"https:\/\/radiobitacora.com.ar\/web\/wp-json\/wp\/v2\/posts\/29496","targetHints":{"allow":["GET"]}}],"collection":[{"href":"https:\/\/radiobitacora.com.ar\/web\/wp-json\/wp\/v2\/posts"}],"about":[{"href":"https:\/\/radiobitacora.com.ar\/web\/wp-json\/wp\/v2\/types\/post"}],"author":[{"embeddable":true,"href":"https:\/\/radiobitacora.com.ar\/web\/wp-json\/wp\/v2\/users\/2"}],"replies":[{"embeddable":true,"href":"https:\/\/radiobitacora.com.ar\/web\/wp-json\/wp\/v2\/comments?post=29496"}],"version-history":[{"count":0,"href":"https:\/\/radiobitacora.com.ar\/web\/wp-json\/wp\/v2\/posts\/29496\/revisions"}],"wp:featuredmedia":[{"embeddable":true,"href":"https:\/\/radiobitacora.com.ar\/web\/wp-json\/wp\/v2\/media\/29497"}],"wp:attachment":[{"href":"https:\/\/radiobitacora.com.ar\/web\/wp-json\/wp\/v2\/media?parent=29496"}],"wp:term":[{"taxonomy":"category","embeddable":true,"href":"https:\/\/radiobitacora.com.ar\/web\/wp-json\/wp\/v2\/categories?post=29496"},{"taxonomy":"post_tag","embeddable":true,"href":"https:\/\/radiobitacora.com.ar\/web\/wp-json\/wp\/v2\/tags?post=29496"}],"curies":[{"name":"wp","href":"https:\/\/api.w.org\/{rel}","templated":true}]}}