{"id":29499,"date":"2026-01-27T08:54:03","date_gmt":"2026-01-27T11:54:03","guid":{"rendered":"https:\/\/radiobitacora.com.ar\/web\/?p=29499"},"modified":"2026-01-27T08:55:28","modified_gmt":"2026-01-27T11:55:28","slug":"la-segunda-luna-carnavalera-con-aprobacion-popular","status":"publish","type":"post","link":"https:\/\/radiobitacora.com.ar\/web\/2026\/01\/27\/la-segunda-luna-carnavalera-con-aprobacion-popular\/","title":{"rendered":"LA SEGUNDA LUNA CARNAVALERA CON APROBACI\u00d3N POPULAR"},"content":{"rendered":"<p style=\"font-weight: 400;\">Parafraseando esa cl\u00e1sica canci\u00f3n podemos afirmar que es ese carnaval enamorado de la luna sali\u00f3 impetuosamente a la Alfombra Blanca del circuito de Costa Surub\u00ed a conquistar el coraz\u00f3n de los espectadores, afirmando que ha logrado ese cometido, porque con brillo, color, alegr\u00eda, baile y ritmo consigui\u00f3 la aprobaci\u00f3n popular en la segunda luna carnavalera de los corsos oficiales de la ciudad de Goya.<\/p>\n<p style=\"font-weight: 400;\">Sin dudas una perfecta armon\u00eda y combinaci\u00f3n propuesta desde cada comparsa protagonistas de la Fiesta de Momo, ha conseguido que los miles de espectadores aprobaran con creces el paso por esa \u201cm\u00e1gica\u201d Alfombra Blanca del Cors\u00f3dromo Costa Surub\u00ed.<\/p>\n<p style=\"font-weight: 400;\">Sin entrar en reiteradas consideraciones, demuestra el crecimiento del carnaval goyano, de la preparaci\u00f3n de cada protagonista de los comparseros que con gran pasi\u00f3n evidencian ese compromiso para potenciar la fiesta.<\/p>\n<p style=\"font-weight: 400;\">Pero los aspectos t\u00e9cnicos contemplados en las estipulaciones del reglamento, tienen el exclusivo an\u00e1lisis y evaluaci\u00f3n del jurado seleccionado para cada noche de competencia, como ocurriera en la apertura de los corsos oficiales, en la segunda luna carnavalera, las comparsas Arami; Ita Vera; Aymara, Poramba y Tropical se pusieron bajo ese an\u00e1lisis en la mirada de especialistas en cada rubro que conforman el mencionado jurado.<\/p>\n<p style=\"font-weight: 400;\">Para la segunda noche de corsos, la responsabilidad para el dictamen correspondiente, que se entreg\u00f3 al finalizar la jornada en sobre cerrado a los integrantes de la Comisi\u00f3n, estuvo a cargo de<\/p>\n<p style=\"font-weight: 400;\">IVAN RUBIANO, de la ciudad de Paso de los Libres, core\u00f3grafo, instructor de danzas, bailar\u00edn, productor y director art\u00edstico. Con amplia experiencia en diversos estilos de danza. Apasionado por el arte y la expresi\u00f3n a trav\u00e9s del movimiento, busca crear experiencias \u00fanicas que fusionen t\u00e9cnica y creatividad. Amante del carnaval. Core\u00f3grafo de la Asociaci\u00f3n de Escuelas de Samba y Tradici\u00f3n. Comparsa Arlequ\u00edn de La Cruz, comparsa Catamarca de Paso de los Libres.<\/p>\n<p style=\"font-weight: 400;\">JESSICA ELIZABETH FLORES RAM\u00cdREZ, de la ciudad de Corrientes, profesora, bailarina, core\u00f3grafa, jurado de concursos nacionales e internacionales, examinadora. Diplomada Universitaria en Fiestas Populares, Carnaval, UNNE, CCC, Chaco. Actualmente cursa un Taller de Jurados de Carnaval, organizado por Attach Artecor. Participaci\u00f3n en los carnavales oficiales de Corrientes con Sapukay, y Copacabana, Kamandukaia, pasista ayudante de coreograf\u00eda de corso, gran bastonera. Premiada como mejor preparadora, mejor core\u00f3grafa, Mejor Escuela en distintos cert\u00e1menes nacionales e internacionales. Premiada en el Senado de la Naci\u00f3n en 2017 como forjadora de la cultura en el marco de la profesionalizaci\u00f3n del arte de la danza. Creadora de la primera Escuela de Danza de la India de Corrientes.<\/p>\n<p style=\"font-weight: 400;\">ANGEL PORTILLO, de la ciudad de Corrientes, M\u00fasico, Compositor y Cantante; Artesano Herrero (Tallerista de tocados, espaldares, accesorios de carnaval, etc.); Coordinador de Espect\u00e1culos Musicales. Actividades musicales: PREMIOS CORRIENTES 2013, PREMIOS CORRIENTES 2019, MEJOR CANCI\u00d3N IN\u00c9DITA DEL CARNAVAL 2020. Canci\u00f3n: &#8220;Yo Soy De Am\u00e9rica&#8221;. Autor, compositor y voz principal de Canciones Oficiales de los Carnavales Municipales de la Ciudad de Corrientes. Marchas oficiales de las Comparsas y Agrupaciones Musicales Barriales. (CTES-CAPITAL). Basta trayectoria en su actividad con numerosas comparsas. Actividades como JURADO EN EL RUBRO M\u00daSICA.<\/p>\n<p style=\"font-weight: 400;\">En la b\u00fasqueda de las personas id\u00f3neas se convoca a las ternas en cada noche de competencia, para abrir sus determinaciones tras la \u00faltima luna competitiva, programada para el s\u00e1bado 31 de enero desde las 22 horas, en el Cors\u00f3dromo Costa Surubi.<\/p>\n<p style=\"font-weight: 400;\">Direcci\u00f3n de Prensa-Municipalidad de Goya<\/p>\n","protected":false},"excerpt":{"rendered":"<p>Parafraseando esa cl\u00e1sica canci\u00f3n podemos afirmar que es ese carnaval enamorado de la luna sali\u00f3 impetuosamente a la Alfombra Blanca del circuito de Costa Surub\u00ed a conquistar el coraz\u00f3n de los espectadores, afirmando que ha logrado ese cometido, porque con brillo, color, alegr\u00eda, baile y ritmo consigui\u00f3 la aprobaci\u00f3n popular en la segunda luna carnavalera [&hellip;]<\/p>\n","protected":false},"author":2,"featured_media":29500,"comment_status":"open","ping_status":"open","sticky":false,"template":"","format":"standard","meta":{"footnotes":""},"categories":[56],"tags":[],"class_list":{"0":"post-29499","1":"post","2":"type-post","3":"status-publish","4":"format-standard","5":"has-post-thumbnail","7":"category-locales"},"_links":{"self":[{"href":"https:\/\/radiobitacora.com.ar\/web\/wp-json\/wp\/v2\/posts\/29499","targetHints":{"allow":["GET"]}}],"collection":[{"href":"https:\/\/radiobitacora.com.ar\/web\/wp-json\/wp\/v2\/posts"}],"about":[{"href":"https:\/\/radiobitacora.com.ar\/web\/wp-json\/wp\/v2\/types\/post"}],"author":[{"embeddable":true,"href":"https:\/\/radiobitacora.com.ar\/web\/wp-json\/wp\/v2\/users\/2"}],"replies":[{"embeddable":true,"href":"https:\/\/radiobitacora.com.ar\/web\/wp-json\/wp\/v2\/comments?post=29499"}],"version-history":[{"count":0,"href":"https:\/\/radiobitacora.com.ar\/web\/wp-json\/wp\/v2\/posts\/29499\/revisions"}],"wp:featuredmedia":[{"embeddable":true,"href":"https:\/\/radiobitacora.com.ar\/web\/wp-json\/wp\/v2\/media\/29500"}],"wp:attachment":[{"href":"https:\/\/radiobitacora.com.ar\/web\/wp-json\/wp\/v2\/media?parent=29499"}],"wp:term":[{"taxonomy":"category","embeddable":true,"href":"https:\/\/radiobitacora.com.ar\/web\/wp-json\/wp\/v2\/categories?post=29499"},{"taxonomy":"post_tag","embeddable":true,"href":"https:\/\/radiobitacora.com.ar\/web\/wp-json\/wp\/v2\/tags?post=29499"}],"curies":[{"name":"wp","href":"https:\/\/api.w.org\/{rel}","templated":true}]}}