{"id":29506,"date":"2026-01-27T09:01:10","date_gmt":"2026-01-27T12:01:10","guid":{"rendered":"https:\/\/radiobitacora.com.ar\/web\/?p=29506"},"modified":"2026-01-27T09:01:10","modified_gmt":"2026-01-27T12:01:10","slug":"empresario-apuesta-por-un-palco-vip-con-boliche-para-impulsar-el-carnaval-de-goya","status":"publish","type":"post","link":"https:\/\/radiobitacora.com.ar\/web\/2026\/01\/27\/empresario-apuesta-por-un-palco-vip-con-boliche-para-impulsar-el-carnaval-de-goya\/","title":{"rendered":"EMPRESARIO APUESTA POR UN PALCO VIP CON BOLICHE PARA IMPULSAR EL CARNAVAL DE GOYA"},"content":{"rendered":"<p style=\"font-weight: 400;\">Marcelo Gim\u00e9nez, empresario del sonido, invirti\u00f3 en una propuesta innovadora para el Carnaval de Goya: un palco &#8220;Brahma&#8221; que se transforma en boliche al finalizar el desfile.<\/p>\n<p style=\"font-weight: 400;\">Marcelo Gim\u00e9nez, reconocido empresario del sonido y encargado de la sonorizaci\u00f3n del Cors\u00f3dromo, ha decidido apostar fuerte por el Carnaval de Goya con una propuesta innovadora: un palco VIP &#8220;Brahma&#8221; que, al finalizar el desfile, se transforma en un boliche para extender la fiesta. El acceso a este espacio exclusivo tiene un costo de 15 mil pesos.<\/p>\n<p style=\"font-weight: 400;\">En declaraciones realizadas durante la transmisi\u00f3n especial de la municipalidad de Goya por YouTube, Gim\u00e9nez explic\u00f3 los detalles de su inversi\u00f3n y su visi\u00f3n para el carnaval:<\/p>\n<p style=\"font-weight: 400;\">COMPROMISO CON EL CARNAVAL GRACIAS A LA FAMILIA: EVOLUCION DE LOS CORSOS<\/p>\n<p style=\"font-weight: 400;\">&#8220;Estoy s\u00faper contento de formar parte del Carnaval de Goya, en el que he estado involucrado toda mi vida gracias a mi familia. Este a\u00f1o, adem\u00e1s de la t\u00e9cnica de sonido, sumamos el palco Brahma para incentivar a la gente. Veo que el carnaval crece a\u00f1o a a\u00f1o y eso me pone muy contento\u201d, dijo.<\/p>\n<p style=\"font-weight: 400;\">Gim\u00e9nez, quien lleva tres a\u00f1os a cargo del sonido del corso, destac\u00f3 la evoluci\u00f3n del evento y su impacto en la ciudad: &#8220;Es impresionante c\u00f3mo el carnaval evoluciona a\u00f1o a a\u00f1o. Este a\u00f1o sent\u00ed esas ganas de la ciudad de formar parte del carnaval como era antes, cuando se hac\u00eda en Madariaga, Sarmiento, Ca\u00e1 Guaz\u00fa. La inversi\u00f3n que hay en el Cors\u00f3dromo se mezcla con todo. Uno lo siente y quiere que Goya crezca. Esto es parte de ese crecimiento tur\u00edstico cultural, y tambi\u00e9n el carnaval genera mucho movimiento econ\u00f3mico y trabajo.&#8221;<\/p>\n<p style=\"font-weight: 400;\">PALCO BOLICHE PROPUESTA INNOVADORA<\/p>\n<p style=\"font-weight: 400;\">Sobre la propuesta del palco &#8220;Brahma&#8221;, Gim\u00e9nez detall\u00f3: &#8220;Este a\u00f1o le sumamos al carnaval un palco Brahma, algo que vengo haciendo hace varios a\u00f1os en el carnaval de Corrientes. Es un palco para ver el carnaval, pero cuando termina, detr\u00e1s del palco, se arma la fiesta. Es un palco boliche.&#8221;<\/p>\n<p style=\"font-weight: 400;\">Para acceder a este espacio exclusivo, Gim\u00e9nez explic\u00f3: &#8220;Primero hay que pagar la entrada al carnaval, y luego el acceso al palco tiene un costo de 15 mil pesos. A cambio, se ofrece un servicio de barra, gastronom\u00eda, ba\u00f1os privados y DJs que animar\u00e1n la noche. Es un formato para sumar al carnaval, activar el turismo, la cultura y lo goyano. Queremos que Goya se concentre en esto y que la gente de afuera empiece a mirar nuestro carnaval y a mover toda la ciudad.&#8221;<\/p>\n<p style=\"font-weight: 400;\">AGRADECIMIENTO A LA MUNICIPALIDAD Y LA COMISI\u00d3N<\/p>\n<p style=\"font-weight: 400;\">Marcelo Gim\u00e9nez expres\u00f3 su agradecimiento y entusiasmo: &#8220;Estoy s\u00faper agradecido y me encanta formar parte. Agradezco a la comisi\u00f3n organizadora y al municipio. Siento buenas energ\u00edas. Le digo a la gente que venga a disfrutar del carnaval, hay muchas tribunas, la gastronom\u00eda es buena y los precios son accesibles. Tratamos de ser l\u00f3gicos con los valores para que las familias puedan venir. No es f\u00e1cil moverse, pero vale la pena.&#8221;<\/p>\n<p style=\"font-weight: 400;\">Direcci\u00f3n de Prensa-Municipalidad de Goya<\/p>\n","protected":false},"excerpt":{"rendered":"<p>Marcelo Gim\u00e9nez, empresario del sonido, invirti\u00f3 en una propuesta innovadora para el Carnaval de Goya: un palco &#8220;Brahma&#8221; que se transforma en boliche al finalizar el desfile. Marcelo Gim\u00e9nez, reconocido empresario del sonido y encargado de la sonorizaci\u00f3n del Cors\u00f3dromo, ha decidido apostar fuerte por el Carnaval de Goya con una propuesta innovadora: un palco [&hellip;]<\/p>\n","protected":false},"author":2,"featured_media":29507,"comment_status":"open","ping_status":"open","sticky":false,"template":"","format":"standard","meta":{"footnotes":""},"categories":[56],"tags":[],"class_list":{"0":"post-29506","1":"post","2":"type-post","3":"status-publish","4":"format-standard","5":"has-post-thumbnail","7":"category-locales"},"_links":{"self":[{"href":"https:\/\/radiobitacora.com.ar\/web\/wp-json\/wp\/v2\/posts\/29506","targetHints":{"allow":["GET"]}}],"collection":[{"href":"https:\/\/radiobitacora.com.ar\/web\/wp-json\/wp\/v2\/posts"}],"about":[{"href":"https:\/\/radiobitacora.com.ar\/web\/wp-json\/wp\/v2\/types\/post"}],"author":[{"embeddable":true,"href":"https:\/\/radiobitacora.com.ar\/web\/wp-json\/wp\/v2\/users\/2"}],"replies":[{"embeddable":true,"href":"https:\/\/radiobitacora.com.ar\/web\/wp-json\/wp\/v2\/comments?post=29506"}],"version-history":[{"count":0,"href":"https:\/\/radiobitacora.com.ar\/web\/wp-json\/wp\/v2\/posts\/29506\/revisions"}],"wp:featuredmedia":[{"embeddable":true,"href":"https:\/\/radiobitacora.com.ar\/web\/wp-json\/wp\/v2\/media\/29507"}],"wp:attachment":[{"href":"https:\/\/radiobitacora.com.ar\/web\/wp-json\/wp\/v2\/media?parent=29506"}],"wp:term":[{"taxonomy":"category","embeddable":true,"href":"https:\/\/radiobitacora.com.ar\/web\/wp-json\/wp\/v2\/categories?post=29506"},{"taxonomy":"post_tag","embeddable":true,"href":"https:\/\/radiobitacora.com.ar\/web\/wp-json\/wp\/v2\/tags?post=29506"}],"curies":[{"name":"wp","href":"https:\/\/api.w.org\/{rel}","templated":true}]}}