{"id":29509,"date":"2026-01-27T09:10:02","date_gmt":"2026-01-27T12:10:02","guid":{"rendered":"https:\/\/radiobitacora.com.ar\/web\/?p=29509"},"modified":"2026-01-27T09:10:02","modified_gmt":"2026-01-27T12:10:02","slug":"el-uno-por-uno-de-los-lesionados-de-boca-como-estan-y-cuando-podrian-regresar","status":"publish","type":"post","link":"https:\/\/radiobitacora.com.ar\/web\/2026\/01\/27\/el-uno-por-uno-de-los-lesionados-de-boca-como-estan-y-cuando-podrian-regresar\/","title":{"rendered":"EL UNO POR UNO DE LOS LESIONADOS DE BOCA: C\u00d3MO EST\u00c1N Y CU\u00c1NDO PODR\u00cdAN REGRESAR"},"content":{"rendered":"<p>Los problemas f\u00edsicos de sus futbolistas est\u00e1n siendo un dolor de cabeza para el Xeneize en el arranque del 2026. Repas\u00e1 c\u00f3mo es la situaci\u00f3n de cada uno de los ausentes.<\/p>\n<p>El gran inconveniente para Claudio \u00dabeda y su cuerpo t\u00e9cnico es el armado del ataque, ya que<b>\u00a0sus tres centrodelanteros arrastran distintos inconvenientes<\/b>. Adem\u00e1s,<b>\u00a0Lucas Janson<\/b>, el titular en esa posici\u00f3n en el debut frente a Deportivo Riestra<b>, se retir\u00f3 en el segundo tiempo con problemas en una de sus pantorrillas<\/b>\u00a0y podr\u00eda perderse el duelo ante el Pincha.<\/p>\n<p><b>Edinson Cavani arrastra una lumbalgia que no le permiti\u00f3 entrenarse con normalidad durante la pretemporada<\/b>\u00a0y, como consecuencia, no tuvo participaci\u00f3n en los dos amistosos y en el debut por el Apertura. Cabe recordar que durante el final del a\u00f1o pasado,\u00a0<b>un problema en el psoas derecho lo margin\u00f3 de siete de los diez \u00faltimos partidos del Clausura<\/b>. Su lesi\u00f3n es compleja, ya que algunos d\u00edas siente dolor y otros no, motivo por el cual\u00a0<b>no se puede establecer una fecha concreta para su regreso<\/b>.<\/p>\n<p><b>Miguel Merentiel, por su parte,<a href=\"https:\/\/www.tycsports.com\/boca-juniors\/preocupacion-en-boca-por-la-lesion-de-merentiel-antes-del-debut-en-el-apertura-id708591.html\" target=\"_blank\" rel=\"noopener\">\u00a0sufri\u00f3 un desgarro en el gemelo derecho en el amistoso frente a Olimpia<\/a>\u00a0<\/b>disputado en San Nicol\u00e1s. Para una lesi\u00f3n de esas caracter\u00edsticas se estima un tiempo de recuperaci\u00f3n de al menos tres semanas, por lo que, adem\u00e1s de haberse perdido el choque ante el Malevo, tambi\u00e9n\u00a0<b>quedar\u00e1 fuera de las pr\u00f3ximas cuatro fechas<\/b>.<\/p>\n<p><b>Milton Gim\u00e9nez arrastra una pubalgia hace varios meses<\/b>. La molestia no le impidi\u00f3 ser titular durante los \u00faltimos encuentros del 2025, pero lo oblig\u00f3 a frenar en el comienzo de este a\u00f1o.\u00a0<b><a href=\"https:\/\/www.tycsports.com\/boca-juniors\/milton-gimenez-podria-operarse-y-boca-lo-perderia-por-varios-partidos-id709185.html\" target=\"_blank\" rel=\"noopener\">Existe la posibilidad que sea intervenido quir\u00fargicamente<\/a>\u00a0<\/b>para acelerar los plazos de su recuperaci\u00f3n ya que el tratamiento que viene realizando no est\u00e1 teniendo los resultados esperados.<b>\u00a0Si esto sucede, estar\u00eda al menos un mes fuera de los terrenos de juego<\/b>.<\/p>\n<p>Ante este panorama desolador y con el interrogante de Janson por despejarse en las pr\u00f3ximas horas,<b>\u00a0Boca podr\u00eda afrontar el duelo ante Estudiantes con Iker Zufiaurre de centrodelantero<\/b>, juvenil que entr\u00f3 promediando el segundo tiempo ante Riestra y ya acumula cuatro participaciones con la Primera de Boca.<\/p>\n<p>La mediapunta tambi\u00e9n es una zona afectada, ya que\u00a0<b>tanto Alan Velasco como Carlos Palacios est\u00e1n\u00a0lesionados<\/b>. El surgido de las inferiores de Independiente, titular en el debut del Xeneize,<b>\u00a0<a href=\"https:\/\/www.tycsports.com\/boca-juniors\/boca-cambios-lesiones-ander-herrera-alan-velasco-lucas-janson-id709670.html\" target=\"_blank\" rel=\"noopener\">sufri\u00f3 una distensi\u00f3n de grado II en el ligamento colateral medial de la rodilla izquierda<\/a><\/b>\u00a0tras un fuerte choque con Miguel Barbieri, lesi\u00f3n que\u00a0<b>lo marginar\u00eda de las canchas durante los pr\u00f3ximos 40 o 50 d\u00edas<\/b>.<\/p>\n<p>El chileno, por su parte, todav\u00eda no vio minutos en este 2026 a causa de una<b>\u00a0sinovitis en su rodilla derecha<\/b>. El cuerpo m\u00e9dico del club eval\u00faa d\u00eda a d\u00eda su estado y\u00a0<b>todav\u00eda no hay una fecha estimada para su regreso<\/b>.<\/p>\n<p>Lo positivo para el Xeneize es que<b>\u00a0en las pr\u00f3ximas horas se sumar\u00e1 al plantel \u00c1ngel Romero<\/b>, quien, si lo encuentran a tono f\u00edsica y futbol\u00edsticamente, puede ocupar esa posici\u00f3n.<\/p>\n<p>&nbsp;<\/p>\n","protected":false},"excerpt":{"rendered":"<p>Los problemas f\u00edsicos de sus futbolistas est\u00e1n siendo un dolor de cabeza para el Xeneize en el arranque del 2026. Repas\u00e1 c\u00f3mo es la situaci\u00f3n de cada uno de los ausentes. El gran inconveniente para Claudio \u00dabeda y su cuerpo t\u00e9cnico es el armado del ataque, ya que\u00a0sus tres centrodelanteros arrastran distintos inconvenientes. Adem\u00e1s,\u00a0Lucas Janson, [&hellip;]<\/p>\n","protected":false},"author":2,"featured_media":29510,"comment_status":"open","ping_status":"open","sticky":false,"template":"","format":"standard","meta":{"footnotes":""},"categories":[78],"tags":[],"class_list":{"0":"post-29509","1":"post","2":"type-post","3":"status-publish","4":"format-standard","5":"has-post-thumbnail","7":"category-deportes"},"_links":{"self":[{"href":"https:\/\/radiobitacora.com.ar\/web\/wp-json\/wp\/v2\/posts\/29509","targetHints":{"allow":["GET"]}}],"collection":[{"href":"https:\/\/radiobitacora.com.ar\/web\/wp-json\/wp\/v2\/posts"}],"about":[{"href":"https:\/\/radiobitacora.com.ar\/web\/wp-json\/wp\/v2\/types\/post"}],"author":[{"embeddable":true,"href":"https:\/\/radiobitacora.com.ar\/web\/wp-json\/wp\/v2\/users\/2"}],"replies":[{"embeddable":true,"href":"https:\/\/radiobitacora.com.ar\/web\/wp-json\/wp\/v2\/comments?post=29509"}],"version-history":[{"count":0,"href":"https:\/\/radiobitacora.com.ar\/web\/wp-json\/wp\/v2\/posts\/29509\/revisions"}],"wp:featuredmedia":[{"embeddable":true,"href":"https:\/\/radiobitacora.com.ar\/web\/wp-json\/wp\/v2\/media\/29510"}],"wp:attachment":[{"href":"https:\/\/radiobitacora.com.ar\/web\/wp-json\/wp\/v2\/media?parent=29509"}],"wp:term":[{"taxonomy":"category","embeddable":true,"href":"https:\/\/radiobitacora.com.ar\/web\/wp-json\/wp\/v2\/categories?post=29509"},{"taxonomy":"post_tag","embeddable":true,"href":"https:\/\/radiobitacora.com.ar\/web\/wp-json\/wp\/v2\/tags?post=29509"}],"curies":[{"name":"wp","href":"https:\/\/api.w.org\/{rel}","templated":true}]}}