{"id":29512,"date":"2026-01-27T09:14:09","date_gmt":"2026-01-27T12:14:09","guid":{"rendered":"https:\/\/radiobitacora.com.ar\/web\/?p=29512"},"modified":"2026-01-27T09:15:58","modified_gmt":"2026-01-27T12:15:58","slug":"tiempo-en-goya-continua-la-alerta-amarilla-por-altas-temperaturas","status":"publish","type":"post","link":"https:\/\/radiobitacora.com.ar\/web\/2026\/01\/27\/tiempo-en-goya-continua-la-alerta-amarilla-por-altas-temperaturas\/","title":{"rendered":"TIEMPO EN GOYA: CONTIN\u00daA LA ALERTA AMARILLA POR ALTAS TEMPERATURAS"},"content":{"rendered":"<p data-start=\"72\" data-end=\"238\">La ciudad de Goya contin\u00faa bajo advertencia amarilla por altas temperaturas, por lo que se recomienda extremar los cuidados, especialmente en ni\u00f1os y adultos mayores.<\/p>\n<p data-start=\"240\" data-end=\"454\">Para la jornada de hoy se espera un cielo algo a parcialmente nublado, con condiciones calurosas durante gran parte del d\u00eda. Los vientos ser\u00e1n leves del sector sur, sin alivio significativo en la sensaci\u00f3n t\u00e9rmica.<\/p>\n<p data-start=\"456\" data-end=\"554\">La temperatura m\u00e1xima alcanzar\u00e1 entre 37 y 38 grados, manteni\u00e9ndose el escenario de calor intenso.<\/p>\n<p data-start=\"556\" data-end=\"703\" data-is-last-node=\"\" data-is-only-node=\"\">Se aconseja hidratarse con frecuencia, evitar la exposici\u00f3n al sol en los horarios de mayor intensidad y reducir la actividad f\u00edsica al aire libre.<\/p>\n","protected":false},"excerpt":{"rendered":"<p>La ciudad de Goya contin\u00faa bajo advertencia amarilla por altas temperaturas, por lo que se recomienda extremar los cuidados, especialmente en ni\u00f1os y adultos mayores. Para la jornada de hoy se espera un cielo algo a parcialmente nublado, con condiciones calurosas durante gran parte del d\u00eda. Los vientos ser\u00e1n leves del sector sur, sin alivio [&hellip;]<\/p>\n","protected":false},"author":2,"featured_media":29513,"comment_status":"open","ping_status":"open","sticky":false,"template":"","format":"standard","meta":{"footnotes":""},"categories":[56],"tags":[],"class_list":{"0":"post-29512","1":"post","2":"type-post","3":"status-publish","4":"format-standard","5":"has-post-thumbnail","7":"category-locales"},"_links":{"self":[{"href":"https:\/\/radiobitacora.com.ar\/web\/wp-json\/wp\/v2\/posts\/29512","targetHints":{"allow":["GET"]}}],"collection":[{"href":"https:\/\/radiobitacora.com.ar\/web\/wp-json\/wp\/v2\/posts"}],"about":[{"href":"https:\/\/radiobitacora.com.ar\/web\/wp-json\/wp\/v2\/types\/post"}],"author":[{"embeddable":true,"href":"https:\/\/radiobitacora.com.ar\/web\/wp-json\/wp\/v2\/users\/2"}],"replies":[{"embeddable":true,"href":"https:\/\/radiobitacora.com.ar\/web\/wp-json\/wp\/v2\/comments?post=29512"}],"version-history":[{"count":0,"href":"https:\/\/radiobitacora.com.ar\/web\/wp-json\/wp\/v2\/posts\/29512\/revisions"}],"wp:featuredmedia":[{"embeddable":true,"href":"https:\/\/radiobitacora.com.ar\/web\/wp-json\/wp\/v2\/media\/29513"}],"wp:attachment":[{"href":"https:\/\/radiobitacora.com.ar\/web\/wp-json\/wp\/v2\/media?parent=29512"}],"wp:term":[{"taxonomy":"category","embeddable":true,"href":"https:\/\/radiobitacora.com.ar\/web\/wp-json\/wp\/v2\/categories?post=29512"},{"taxonomy":"post_tag","embeddable":true,"href":"https:\/\/radiobitacora.com.ar\/web\/wp-json\/wp\/v2\/tags?post=29512"}],"curies":[{"name":"wp","href":"https:\/\/api.w.org\/{rel}","templated":true}]}}