{"id":29525,"date":"2026-01-27T18:33:58","date_gmt":"2026-01-27T21:33:58","guid":{"rendered":"https:\/\/radiobitacora.com.ar\/web\/?p=29525"},"modified":"2026-01-27T18:33:58","modified_gmt":"2026-01-27T21:33:58","slug":"al-recorrido-habitual-urbano-suma-servicio-hacia-parque-acuatico-y-corsos","status":"publish","type":"post","link":"https:\/\/radiobitacora.com.ar\/web\/2026\/01\/27\/al-recorrido-habitual-urbano-suma-servicio-hacia-parque-acuatico-y-corsos\/","title":{"rendered":"AL RECORRIDO HABITUAL URBANO SUMA SERVICIO HACIA PARQUE ACU\u00c1TICO Y CORSOS"},"content":{"rendered":"<p style=\"font-weight: 400;\">Cooperativa de transporte Vitur:<\/p>\n<p style=\"font-weight: 400;\">\n<p style=\"font-weight: 400;\">En b\u00fasqueda de mejorar la movilidad de los goyanos, la cooperativa de transporte de colectivos VITUR contin\u00faa incorporando nuevos recorridos e incrementando la frecuencia para comodidad de los ciudadanos. Desde el a\u00f1o pasado sigue firme el recorrido hasta el parque acu\u00e1tico. El costo del boleto es de $1500 por tramo (ida o vuelta), siendo gratuito para menores de 5 a\u00f1os. Las unidades est\u00e1n ploteadas para f\u00e1cil identificaci\u00f3n.<\/p>\n<p style=\"font-weight: 400;\">As\u00ed lo asegur\u00f3 este martes, Juan Jos\u00e9 Marticorena, Secretario de la empresa. Destac\u00f3, adem\u00e1s: \u201cEstamos aplicando la misma modalidad desde el a\u00f1o pasado, porque hay much\u00edsima gente que no tiene sus propios medios para ir y quiere ir en colectivo porque lleva sus silletas, sombrilla o no quiere ir en sus propios veh\u00edculos, entonces tiene la posibilidad de tomar este servicio a un costo econ\u00f3mico de 1500 pesos de poder tomar este servicio con horarios de salidas, recorridos y llegadas que se cumple a rajatabla\u201d.<\/p>\n<p style=\"font-weight: 400;\">RECORRIDO<\/p>\n<p style=\"font-weight: 400;\">El servicio de transporte hacia el Parque Acu\u00e1tico se cumple los d\u00edas viernes, s\u00e1bado y domingo desde las 13 horas sale desde avenida Alem (gruta del Gauchito Gil) recorre todo lo extenso de avenida JJ Rol\u00f3n, dobla en avenida Neustadt y ah\u00ed sale a la ruta hacia el parque.<\/p>\n<p style=\"font-weight: 400;\">El colectivo regresa a las 18 horas para buscar a los asistentes a este predio municipal, haciendo el mismo recorrido de vuelta.<\/p>\n<p style=\"font-weight: 400;\">Cabe se\u00f1alar que el colectivo que hace este trayecto est\u00e1 perfectamente identificado con el destino PARQUE ACU\u00c1TICO GOYA<\/p>\n<p style=\"font-weight: 400;\">CORSOS<\/p>\n<p style=\"font-weight: 400;\">La empresa VITUR mantiene constante comunicaci\u00f3n con el municipio para atender cualquier requerimiento inmediato que surja en la ciudad de Goya. Ante la necesidad de colaborar con esta y la poblaci\u00f3n, la cooperativa est\u00e1 comprometida en ofrecer su apoyo de manera incondicional.<\/p>\n<p style=\"font-weight: 400;\">Es as\u00ed que en \u00e9pocas del carnaval suma un nuevo recorrido para aquellos que quieran asistir a las distintas noches de corsos en Predio Costa Surub\u00ed.<\/p>\n<p style=\"font-weight: 400;\">La extensi\u00f3n del servicio sirve y brinda una soluci\u00f3n al transporte sobre todo a los vecinos de los barrios del Sur.<\/p>\n<p style=\"font-weight: 400;\">\u201cHemos puesto un servicio que viene desde el barrio Estrella del Sur, lugar donde se inicia el servicio con L\u00ednea 1 y L\u00ednea 2, que hacen distintos recorridos, pero salen a la misma hora\u201d indic\u00f3.<\/p>\n<p style=\"font-weight: 400;\">A las 21 horas est\u00e1n saliendo los colectivos al corso. Sendas l\u00edneas hacen su recorrida habitual hasta llegar a Col\u00f3n y Madariaga donde doblan hacia Primeros Concejales, dejando a los pasajeros en la puerta de acceso al Predio Costa Surub\u00ed.<\/p>\n<p style=\"font-weight: 400;\">A las 5 de la ma\u00f1ana es el horario de regreso de ambas l\u00edneas que esperan en el acceso al predio. Tanto el pasaje de ida como de vuelta tiene un costo \u00fanico de 1000 pesos, tal como es habitual al precio del pasaje urbano (boleto com\u00fan).<\/p>\n<p style=\"font-weight: 400;\">De esta manera la cooperativa subraya el profundo compromiso que posee con la ciudadan\u00eda de Goya, tal es as\u00ed que \u201cestuvimos comparando los valores de los boletos con otras ciudades y la verdad que es muy accesible los valores que estamos teniendo para que la gente pueda disfrutar del corso con toda su familia\u201d cerr\u00f3 el transportista Marticorena.<\/p>\n<p style=\"font-weight: 400;\">\n<p style=\"font-weight: 400;\">\n<p style=\"font-weight: 400;\">Direcci\u00f3n de Prensa \u2013 Municipalidad de Goya.<\/p>\n","protected":false},"excerpt":{"rendered":"<p>Cooperativa de transporte Vitur: En b\u00fasqueda de mejorar la movilidad de los goyanos, la cooperativa de transporte de colectivos VITUR contin\u00faa incorporando nuevos recorridos e incrementando la frecuencia para comodidad de los ciudadanos. Desde el a\u00f1o pasado sigue firme el recorrido hasta el parque acu\u00e1tico. El costo del boleto es de $1500 por tramo (ida [&hellip;]<\/p>\n","protected":false},"author":2,"featured_media":29526,"comment_status":"open","ping_status":"open","sticky":false,"template":"","format":"standard","meta":{"footnotes":""},"categories":[56],"tags":[],"class_list":{"0":"post-29525","1":"post","2":"type-post","3":"status-publish","4":"format-standard","5":"has-post-thumbnail","7":"category-locales"},"_links":{"self":[{"href":"https:\/\/radiobitacora.com.ar\/web\/wp-json\/wp\/v2\/posts\/29525","targetHints":{"allow":["GET"]}}],"collection":[{"href":"https:\/\/radiobitacora.com.ar\/web\/wp-json\/wp\/v2\/posts"}],"about":[{"href":"https:\/\/radiobitacora.com.ar\/web\/wp-json\/wp\/v2\/types\/post"}],"author":[{"embeddable":true,"href":"https:\/\/radiobitacora.com.ar\/web\/wp-json\/wp\/v2\/users\/2"}],"replies":[{"embeddable":true,"href":"https:\/\/radiobitacora.com.ar\/web\/wp-json\/wp\/v2\/comments?post=29525"}],"version-history":[{"count":0,"href":"https:\/\/radiobitacora.com.ar\/web\/wp-json\/wp\/v2\/posts\/29525\/revisions"}],"wp:featuredmedia":[{"embeddable":true,"href":"https:\/\/radiobitacora.com.ar\/web\/wp-json\/wp\/v2\/media\/29526"}],"wp:attachment":[{"href":"https:\/\/radiobitacora.com.ar\/web\/wp-json\/wp\/v2\/media?parent=29525"}],"wp:term":[{"taxonomy":"category","embeddable":true,"href":"https:\/\/radiobitacora.com.ar\/web\/wp-json\/wp\/v2\/categories?post=29525"},{"taxonomy":"post_tag","embeddable":true,"href":"https:\/\/radiobitacora.com.ar\/web\/wp-json\/wp\/v2\/tags?post=29525"}],"curies":[{"name":"wp","href":"https:\/\/api.w.org\/{rel}","templated":true}]}}