{"id":29534,"date":"2026-01-27T18:40:26","date_gmt":"2026-01-27T21:40:26","guid":{"rendered":"https:\/\/radiobitacora.com.ar\/web\/?p=29534"},"modified":"2026-01-27T18:46:39","modified_gmt":"2026-01-27T21:46:39","slug":"corte-total-de-transito-en-pasaje-wenceslao-fernandez-por-trabajos-de-obras-de-la-nueva-costanera","status":"publish","type":"post","link":"https:\/\/radiobitacora.com.ar\/web\/2026\/01\/27\/corte-total-de-transito-en-pasaje-wenceslao-fernandez-por-trabajos-de-obras-de-la-nueva-costanera\/","title":{"rendered":"CORTE TOTAL DE TR\u00c1NSITO EN PASAJE WENCESLAO FERN\u00c1NDEZ POR TRABAJOS DE OBRAS DE LA NUEVA COSTANERA"},"content":{"rendered":"<p style=\"font-weight: 400;\">La Municipalidad de Goya comunica a trav\u00e9s de la Direcci\u00f3n de Tr\u00e1nsito que a partir de la fecha se encuentra interrumpido totalmente el tr\u00e1nsito vehicular en pasaje Wenceslao Fern\u00e1ndez (desde la intersecci\u00f3n 25 de Mayo). Asimismo, tambi\u00e9n hay una se\u00f1alizaci\u00f3n en Avenida Ca\u00e1 Guaz\u00fa a la altura de calle \u00c1ngel Soto en la mano de circulaci\u00f3n de Sur a Norte. Este cartel indica el desv\u00edo a la altura de la intersecci\u00f3n con la calle \u00c1ngel Soto.<\/p>\n<p style=\"font-weight: 400;\">Estas medidas se deben a los trabajos que se realizan en la obra de la Nueva Costanera y revalorizaci\u00f3n del paseo costero donde el pasaje Wenceslao Fern\u00e1ndez forma parte \u00a0del nuevo paseo p\u00fablico.<\/p>\n<p style=\"font-weight: 400;\">La interrupci\u00f3n del tr\u00e1nsito demandar\u00e1 alrededor de 15 d\u00edas.<\/p>\n<p style=\"font-weight: 400;\">Direcci\u00f3n de Prensa \u2013 Municipalidad de Goya.<\/p>\n","protected":false},"excerpt":{"rendered":"<p>La Municipalidad de Goya comunica a trav\u00e9s de la Direcci\u00f3n de Tr\u00e1nsito que a partir de la fecha se encuentra interrumpido totalmente el tr\u00e1nsito vehicular en pasaje Wenceslao Fern\u00e1ndez (desde la intersecci\u00f3n 25 de Mayo). Asimismo, tambi\u00e9n hay una se\u00f1alizaci\u00f3n en Avenida Ca\u00e1 Guaz\u00fa a la altura de calle \u00c1ngel Soto en la mano de [&hellip;]<\/p>\n","protected":false},"author":2,"featured_media":29535,"comment_status":"open","ping_status":"open","sticky":false,"template":"","format":"standard","meta":{"footnotes":""},"categories":[56],"tags":[],"class_list":{"0":"post-29534","1":"post","2":"type-post","3":"status-publish","4":"format-standard","5":"has-post-thumbnail","7":"category-locales"},"_links":{"self":[{"href":"https:\/\/radiobitacora.com.ar\/web\/wp-json\/wp\/v2\/posts\/29534","targetHints":{"allow":["GET"]}}],"collection":[{"href":"https:\/\/radiobitacora.com.ar\/web\/wp-json\/wp\/v2\/posts"}],"about":[{"href":"https:\/\/radiobitacora.com.ar\/web\/wp-json\/wp\/v2\/types\/post"}],"author":[{"embeddable":true,"href":"https:\/\/radiobitacora.com.ar\/web\/wp-json\/wp\/v2\/users\/2"}],"replies":[{"embeddable":true,"href":"https:\/\/radiobitacora.com.ar\/web\/wp-json\/wp\/v2\/comments?post=29534"}],"version-history":[{"count":0,"href":"https:\/\/radiobitacora.com.ar\/web\/wp-json\/wp\/v2\/posts\/29534\/revisions"}],"wp:featuredmedia":[{"embeddable":true,"href":"https:\/\/radiobitacora.com.ar\/web\/wp-json\/wp\/v2\/media\/29535"}],"wp:attachment":[{"href":"https:\/\/radiobitacora.com.ar\/web\/wp-json\/wp\/v2\/media?parent=29534"}],"wp:term":[{"taxonomy":"category","embeddable":true,"href":"https:\/\/radiobitacora.com.ar\/web\/wp-json\/wp\/v2\/categories?post=29534"},{"taxonomy":"post_tag","embeddable":true,"href":"https:\/\/radiobitacora.com.ar\/web\/wp-json\/wp\/v2\/tags?post=29534"}],"curies":[{"name":"wp","href":"https:\/\/api.w.org\/{rel}","templated":true}]}}